{"id":28412,"date":"2019-01-12T08:58:47","date_gmt":"2019-01-12T07:58:47","guid":{"rendered":"http:\/\/www.messinaoggi.it\/website\/?p=28412"},"modified":"2019-01-12T08:58:47","modified_gmt":"2019-01-12T07:58:47","slug":"rete-sanitaria-ugl-chiede-lo-stop-allo-scontro-istituzionale","status":"publish","type":"post","link":"https:\/\/www.messinaoggi.it\/website\/2019\/01\/12\/rete-sanitaria-ugl-chiede-lo-stop-allo-scontro-istituzionale\/","title":{"rendered":"Rete sanitaria, Ugl chiede lo stop allo scontro istituzionale"},"content":{"rendered":"<p style=\"text-align: justify;\">&#8220;Sulla questione legata alla rete ospedaliera siciliana, stiamo\u00a0assistendo inermi ad un imbarazzante scontro istituzionale tra il Ministro della salute Giulia Grillo e l&#8217;Assessore regionale della salute Ruggero Razza, con tanto di corollario formato da interventi di altri soggetti politici tutti finalizzati a smentire il prossimo. Vogliamo si faccia immediatamente chiarezza sui contenuti, perch\u00e8 non si pu\u00f2 assolutamente giocare con uno strumento cos\u00ec importante per i siciliani.&#8221;<div id=\"div-gpt-ad-Messinaoggi.it-DSK-300x250-corpoart\" style=\"text-align:center;margin:0 auto;\"><\/div><\/p>\n<p style=\"text-align: justify;\">Lo affermano Carmelo Urz\u00ec e Raffaele Lanteri, segretari regionali delle rispettive federazioni Ugl sanit\u00e0 e Ugl medici, che aggiungono: &#8220;Avevamo appreso con grande felicit\u00e0 la notizia dell&#8217;Assessorato regionaleche finalmente annunciava, dopo una lunghissima valutazione, l&#8217;approvazione da parte dl Ministero della rete ospedaliera siciliana, ponendo alcuni piccoli rilievi nel testo predisposto dalla Regione, comunque\u00a0facilmente risolvibili. Eppure, dopo diversi mesi, si era giunti ad una soluzione che teneva conto delle numerose esigenze dei territori, che fino a poco tempo fa sembravano difficili da contemperare. Nonostante questo apprendiamo dalle parole del Ministro che la rete non \u00e8 stata approvata, tenuto conto che sussistono ancora alcune spigolature da limare. Per questo ci chiediamo, dove sta la verit\u00e0? Noi speriamo &#8211; concludono Urz\u00ec e Lantieri &#8211; che il confronto tra le istituzioni sia improntato sul rispetto dei siciliani e del loro diritto alle cure, nonch\u00e8 sul buon senso, alla ricerca di una condivisa e rapida risoluzione che consenta di procedere celermente anche con il completamento dei meccanismi e l&#8217;attivazione dei concorsi (soprattutto\u00a0<a class=\"matchTooltip\" target=\"_blank\" rel=\"noopener noreferrer\">oggi<\/a>\u00a0che vi \u00e8 un&#8217;assoluta necessit\u00e0 di rimpinguare gli organici, eccessivamente carenti). A nostro avviso,\u00a0<a class=\"matchTooltip\" target=\"_blank\" rel=\"noopener noreferrer\">oggi<\/a>, il bene primario non \u00e8 quello di conquistare uno due voti, ma fare il bene della sanit\u00e0 siciliana ed un conflitto Stato &#8211; Regione non pu\u00f2 far altro che innescare il sentimento opposto.&#8221;<div id=\"videoincontent\" style=\"clear:both\";><\/div><\/p>\n","protected":false},"excerpt":{"rendered":"<p>&#8220;Sulla questione legata alla rete ospedaliera siciliana, stiamo\u00a0assistendo inermi ad un imbarazzante scontro istituzionale tra il Ministro della salute Giulia Grillo e l&#8217;Assessore regionale della salute Ruggero Razza, con tanto di corollario formato da interventi di altri soggetti politici tutti finalizzati a smentire il prossimo. Vogliamo si faccia immediatamente chiarezza sui contenuti, perch\u00e8 non si [&hellip;]<\/p>\n","protected":false},"author":2,"featured_media":2875,"comment_status":"closed","ping_status":"open","sticky":false,"template":"","format":"standard","meta":{"ub_ctt_via":"","_mi_skip_tracking":false},"categories":[11],"tags":[],"featured_image_src":"https:\/\/www.messinaoggi.it\/website\/wp-content\/uploads\/2017\/06\/sanita-2.jpg","author_info":{"display_name":"Redazione","author_link":"https:\/\/www.messinaoggi.it\/website\/author\/redazione\/"},"digistream_id":0,"digistream":false,"_links":{"self":[{"href":"https:\/\/www.messinaoggi.it\/website\/wp-json\/wp\/v2\/posts\/28412"}],"collection":[{"href":"https:\/\/www.messinaoggi.it\/website\/wp-json\/wp\/v2\/posts"}],"about":[{"href":"https:\/\/www.messinaoggi.it\/website\/wp-json\/wp\/v2\/types\/post"}],"author":[{"embeddable":true,"href":"https:\/\/www.messinaoggi.it\/website\/wp-json\/wp\/v2\/users\/2"}],"replies":[{"embeddable":true,"href":"https:\/\/www.messinaoggi.it\/website\/wp-json\/wp\/v2\/comments?post=28412"}],"version-history":[{"count":0,"href":"https:\/\/www.messinaoggi.it\/website\/wp-json\/wp\/v2\/posts\/28412\/revisions"}],"wp:featuredmedia":[{"embeddable":true,"href":"https:\/\/www.messinaoggi.it\/website\/wp-json\/wp\/v2\/media\/2875"}],"wp:attachment":[{"href":"https:\/\/www.messinaoggi.it\/website\/wp-json\/wp\/v2\/media?parent=28412"}],"wp:term":[{"taxonomy":"category","embeddable":true,"href":"https:\/\/www.messinaoggi.it\/website\/wp-json\/wp\/v2\/categories?post=28412"},{"taxonomy":"post_tag","embeddable":true,"href":"https:\/\/www.messinaoggi.it\/website\/wp-json\/wp\/v2\/tags?post=28412"}],"curies":[{"name":"wp","href":"https:\/\/api.w.org\/{rel}","templated":true}]}}