{"id":28346,"date":"2019-01-09T15:38:50","date_gmt":"2019-01-09T14:38:50","guid":{"rendered":"http:\/\/www.messinaoggi.it\/website\/?p=28346"},"modified":"2019-01-09T15:38:50","modified_gmt":"2019-01-09T14:38:50","slug":"la-denuncia-della-uil-un-lavoratore-atm-sospeso-per-un-commento-su-fb","status":"publish","type":"post","link":"https:\/\/www.messinaoggi.it\/website\/2019\/01\/09\/la-denuncia-della-uil-un-lavoratore-atm-sospeso-per-un-commento-su-fb\/","title":{"rendered":"La denuncia della Uil: &quot;Un lavoratore Atm sospeso per un commento su Fb&quot;"},"content":{"rendered":"<p style=\"text-align: justify;\">Alla presenza dello \u201cstato maggiore\u201d della Uil Messina con in testa il segretario generale Ivan Tripodi, quello organizzativo Pasquale De Vardo, i segretari della Uiltrasporti Michele Barresi, della Uil Fpl Pippo Calapai e della Uiltec Carlo Caruso, il Sindacato messinese ha denunciato con forza, in un\u2019affollata conferenza stampa svoltasi nella sede di viale San Martino, il pesante clima di intimidazione portato avanti dal sindaco De Luca nei confronti di delegati e dirigenti della Uil su cui \u00e8 emersa una risposta forte e .<div id=\"div-gpt-ad-Messinaoggi.it-DSK-300x250-corpoart\" style=\"text-align:center;margin:0 auto;\"><\/div><\/p>\n<p style=\"text-align: justify;\">Questi alcuni fatti concreti che certificano la denuncia della Uil: quindici giorni di sospensioane dal servizio e dalla retribuzione per il segretario aziendale della Uiltrasporti in Atm e tre lavoratori iscritti da qualche mese alla Uil licenziati da un\u2019azienda che cura la lettura dei contatori dell\u2019acqua per conto dell\u2019Amam.<div id=\"videoincontent\" style=\"clear:both\";><\/div><\/p>\n<p style=\"text-align: justify;\">Sono questi fatti gravissimi che evidenziano il pesante ed inaccettabile clima di intimidazione che colpisce la UIL, i suoi dirigenti ed iscritti: un clima nei confronti del quale la Uil risponder\u00e0 colpo su colpo senza farsi intimorire e sostenendo, in tutti i modi e ad ogni livello, i lavoratori coinvolti da questi provvedimenti.<\/p>\n<p style=\"text-align: justify;\">La \u201cpunizione\u201d inflitta al lavoratore sindacalista \u00e8 stata motivata per aver semplicemente espresso sui social il legittimo diritto di critica sindacale, e pi\u00f9 in generale il diritto costituzionale alla libera opinione, verso atti posti in essere dall&#8217;Atm dell&#8217;era Campagna\/De Luca. Un clima di repressione ormai palese all&#8217;interno dell&#8217;azienda, dove si respira da mesi un&#8217;aria pesante per delegati e iscritti a quelle sigle sindacali forse scomode perch\u00e9 non allineate con i diktat e le decisioni del sindaco De Luca.<\/p>\n<p style=\"text-align: justify;\">Il caso pi\u00f9 eclatante \u00e8, appunto, rappresentato dalla procedura disciplinare inflitta al segretario aziendale della Uiltrasporti Paolo Frigione, accusato di aver criticato su fb l&#8217;operato dell&#8217;azienda e al quale \u00e8 stata immediatamente applicata la sanzione con la decurtazione di 15 giorni di paga nello scorso dicembre, ancor prima di poter avere la possibilit\u00e0 di difendere le proprie ragioni secondo le tutte procedure previste dal codice disciplinare: una procedura assurda che alla faccia del principio della presunzione d\u2019innocenza vigente in Italia ha causato l\u2019immediata irrorazione della \u201cpunizione\u201d con un vero e proprio processo sommario basato su un regio decreto del 1931.<\/p>\n<p style=\"text-align: justify;\">Confidiamo nel giudizio del Collegio di disciplina interno al quale abbiamo fatto ricorso e che arriver\u00e0 in questi giorni e di certo difenderemo i nostri associati e delegati facendo ricorso ad ogni strumento giuridico.<\/p>\n<p style=\"text-align: justify;\">Occorre, pertanto, evidenziare e stigmatizzare l&#8217;evidente clima intimidatorio di chi applica sanzioni pesantissime ai dipendenti, causando loro danno morale e materiale, prima di consentirne la difesa e ancor pi\u00f9, al danno la beffa, tutto per semplici opinioni espresse sui social, agone di scontro politico ben pi\u00f9 aspro per antonomasia usato dallo stesso Sindaco De Luca.<\/p>\n<p style=\"text-align: justify;\">Allo stesso modo appare alquanto strana la coincidenza che ha visto il licenziamento di tre lavoratori, da poco tempo iscritti alla Uil, da parte dell\u2019azienda ATA che \u00e8 l\u2019impresa che si occupa, su commessa dell\u2019Amam, della lettura dei contatori.<\/p>\n<p style=\"text-align: justify;\">Insomma, fatti gravissimi nei confronti dei quali desideriamo formalmente e pubblicamente investire S.E. il Prefetto di Messina la dott.ssa Librizzi.<\/p>\n<p style=\"text-align: justify;\">Ovviamente, a scanso di equivoci, desideriamo ribadire che non baster\u00e0 di certo questo clima a intimorire e limitare l&#8217;azione di difesa dei lavoratori, nonch\u00e9 di critica e denuncia che \u00e8 da sempre nel DNA di un sindacato libero come la Uil Messina.<\/p>\n<p style=\"text-align: justify;\">In tal senso, \u00e8 opportuno evidenziare subito altri particolari, finora celati, riguardo la liquidazione di Atm che si aggiungono ai tanti che abbiamo portate a galla in questi mesi.<\/p>\n<p style=\"text-align: justify;\">La consulenza tecnica d&#8217;ufficio disposta dal Tribunale di Messina redatta e consegnata ufficialmente lo scorso 11 dicembre 2018 di fatto d\u00e0 ragione ad Atm nel ricorso presentato contro la Regione Sicilia e l&#8217;assessorato delle Infrastrutture e trasporti per il riconoscimento delle differenze sui contributi chilometrici erogati all&#8217;azienda trasporti di Messina dal 2012 al 2016 per un ammontare richiesto di 13 milioni di euro. Un passo determinante nella causa che l&#8217;Atm nel dicembre 2016 aveva presentato per il riconoscimento delle differenze tra quanto erogato dall&#8217;assessorato e quanto effettivamente dovuto per i chilometri percorsi. Un ricorso che l&#8217;amministrazione De Luca, nei tanti &#8220;dossier&#8221; presentati al Consiglio Comunale e alle parti sociali, in pi\u00f9 occasioni ha dato per inutile e perso in partenza. Nella relazione tecnica invece il Tribunale riconosce che dal 2012 l&#8217;ATM e il Comune di Messina avrebbero diritto ad un rimborso che si aggira tra un minimo di 2.5 milioni ad un massimo di 9 milioni pi\u00f9 IVA rimandando al Giudice competente, la dott. Mirenna, l&#8217;ammontare esatto.<\/p>\n","protected":false},"excerpt":{"rendered":"<p>Alla presenza dello \u201cstato maggiore\u201d della Uil Messina con in testa il segretario generale Ivan Tripodi, quello organizzativo Pasquale De Vardo, i segretari della Uiltrasporti Michele Barresi, della Uil Fpl Pippo Calapai e della Uiltec Carlo Caruso, il Sindacato messinese ha denunciato con forza, in un\u2019affollata conferenza stampa svoltasi nella sede di viale San Martino, [&hellip;]<\/p>\n","protected":false},"author":2,"featured_media":8386,"comment_status":"closed","ping_status":"open","sticky":false,"template":"","format":"standard","meta":{"ub_ctt_via":"","_mi_skip_tracking":false},"categories":[6],"tags":[],"featured_image_src":"https:\/\/www.messinaoggi.it\/website\/wp-content\/uploads\/2017\/09\/ivan-tripodi-uilRRP_8325-2.jpg","author_info":{"display_name":"Redazione","author_link":"https:\/\/www.messinaoggi.it\/website\/author\/redazione\/"},"digistream_id":0,"digistream":false,"_links":{"self":[{"href":"https:\/\/www.messinaoggi.it\/website\/wp-json\/wp\/v2\/posts\/28346"}],"collection":[{"href":"https:\/\/www.messinaoggi.it\/website\/wp-json\/wp\/v2\/posts"}],"about":[{"href":"https:\/\/www.messinaoggi.it\/website\/wp-json\/wp\/v2\/types\/post"}],"author":[{"embeddable":true,"href":"https:\/\/www.messinaoggi.it\/website\/wp-json\/wp\/v2\/users\/2"}],"replies":[{"embeddable":true,"href":"https:\/\/www.messinaoggi.it\/website\/wp-json\/wp\/v2\/comments?post=28346"}],"version-history":[{"count":0,"href":"https:\/\/www.messinaoggi.it\/website\/wp-json\/wp\/v2\/posts\/28346\/revisions"}],"wp:featuredmedia":[{"embeddable":true,"href":"https:\/\/www.messinaoggi.it\/website\/wp-json\/wp\/v2\/media\/8386"}],"wp:attachment":[{"href":"https:\/\/www.messinaoggi.it\/website\/wp-json\/wp\/v2\/media?parent=28346"}],"wp:term":[{"taxonomy":"category","embeddable":true,"href":"https:\/\/www.messinaoggi.it\/website\/wp-json\/wp\/v2\/categories?post=28346"},{"taxonomy":"post_tag","embeddable":true,"href":"https:\/\/www.messinaoggi.it\/website\/wp-json\/wp\/v2\/tags?post=28346"}],"curies":[{"name":"wp","href":"https:\/\/api.w.org\/{rel}","templated":true}]}}