{"id":28345,"date":"2019-01-09T12:05:21","date_gmt":"2019-01-09T11:05:21","guid":{"rendered":"http:\/\/www.messinaoggi.it\/website\/?p=28345"},"modified":"2019-01-09T12:05:21","modified_gmt":"2019-01-09T11:05:21","slug":"ufficiale-la-ruota-panoramica-rimane-fino-al-27-gennaio-santoro-un-grazie-allamministrazione","status":"publish","type":"post","link":"https:\/\/www.messinaoggi.it\/website\/2019\/01\/09\/ufficiale-la-ruota-panoramica-rimane-fino-al-27-gennaio-santoro-un-grazie-allamministrazione\/","title":{"rendered":"Ufficiale, la Ruota Panoramica rimane fino al 27 gennaio. Santoro: &quot;Un grazie all&#039;amministrazione&quot;"},"content":{"rendered":"<p style=\"text-align: justify;\">L\u2019amministrazione comunale di Messina ha accolto la richiesta avanzata dalla \u201cMessina Incentro\u201d riguardo la permanenza della Ruota Panoramica a piazza Cairoli, fino al 27 gennaio 2019.<div id=\"div-gpt-ad-Messinaoggi.it-DSK-300x250-corpoart\" style=\"text-align:center;margin:0 auto;\"><\/div><\/p>\n<p style=\"text-align: justify;\">\u201c<em>Siamo lieti di comunicare la proroga \u2013 afferma Lino Santoro Amante, presidente della Messina Incentro \u2013 della Ruota Panoramica in piazza che, com\u2019\u00e8 noto \u00e8 stata sponsorizzata dalla Caff\u00e8 Barbera. Desidero ringraziare l\u2019amministrazione comunale e, in modo particolare l\u2019assessore Pippo Scattareggia, che ha accolto la nostra richiesta sulla base delle sollecitazioni ricevute dai commercianti di piazza Cairoli e zone limitrofe. La Ruota Panoramica \u00e8 una innegabile attrattiva che potr\u00e0 dare una spinta al commercio della nostra citt\u00e0 soprattutto in occasione della stagione dei saldi. Oltre alla Ruota rimarranno in piazza anche i giochini per i pi\u00f9 piccoli. Le iniziative della nostra associazione non si fermano al Natale tant\u2019\u00e8 che siamo gi\u00e0 proiettati per il Carnevale 2019. Ringrazio, infine, gli sponsor che ci hanno permesso di regalare con il supporto di imprenditori e commercianti, un Natale indimenticabile ai messinesi<\/em>\u201d.<div id=\"videoincontent\" style=\"clear:both\";><\/div><\/p>\n","protected":false},"excerpt":{"rendered":"<p>L\u2019amministrazione comunale di Messina ha accolto la richiesta avanzata dalla \u201cMessina Incentro\u201d riguardo la permanenza della Ruota Panoramica a piazza Cairoli, fino al 27 gennaio 2019. \u201cSiamo lieti di comunicare la proroga \u2013 afferma Lino Santoro Amante, presidente della Messina Incentro \u2013 della Ruota Panoramica in piazza che, com\u2019\u00e8 noto \u00e8 stata sponsorizzata dalla Caff\u00e8 [&hellip;]<\/p>\n","protected":false},"author":2,"featured_media":27553,"comment_status":"closed","ping_status":"open","sticky":false,"template":"","format":"standard","meta":{"ub_ctt_via":"","_mi_skip_tracking":false},"categories":[6],"tags":[],"featured_image_src":"https:\/\/www.messinaoggi.it\/website\/wp-content\/uploads\/2018\/12\/132794A6-0F1D-4018-9CB1-2A9A1063561E.jpeg","author_info":{"display_name":"Redazione","author_link":"https:\/\/www.messinaoggi.it\/website\/author\/redazione\/"},"digistream_id":0,"digistream":false,"_links":{"self":[{"href":"https:\/\/www.messinaoggi.it\/website\/wp-json\/wp\/v2\/posts\/28345"}],"collection":[{"href":"https:\/\/www.messinaoggi.it\/website\/wp-json\/wp\/v2\/posts"}],"about":[{"href":"https:\/\/www.messinaoggi.it\/website\/wp-json\/wp\/v2\/types\/post"}],"author":[{"embeddable":true,"href":"https:\/\/www.messinaoggi.it\/website\/wp-json\/wp\/v2\/users\/2"}],"replies":[{"embeddable":true,"href":"https:\/\/www.messinaoggi.it\/website\/wp-json\/wp\/v2\/comments?post=28345"}],"version-history":[{"count":0,"href":"https:\/\/www.messinaoggi.it\/website\/wp-json\/wp\/v2\/posts\/28345\/revisions"}],"wp:featuredmedia":[{"embeddable":true,"href":"https:\/\/www.messinaoggi.it\/website\/wp-json\/wp\/v2\/media\/27553"}],"wp:attachment":[{"href":"https:\/\/www.messinaoggi.it\/website\/wp-json\/wp\/v2\/media?parent=28345"}],"wp:term":[{"taxonomy":"category","embeddable":true,"href":"https:\/\/www.messinaoggi.it\/website\/wp-json\/wp\/v2\/categories?post=28345"},{"taxonomy":"post_tag","embeddable":true,"href":"https:\/\/www.messinaoggi.it\/website\/wp-json\/wp\/v2\/tags?post=28345"}],"curies":[{"name":"wp","href":"https:\/\/api.w.org\/{rel}","templated":true}]}}