{"id":28253,"date":"2019-01-06T23:01:32","date_gmt":"2019-01-06T22:01:32","guid":{"rendered":"http:\/\/www.messinaoggi.it\/website\/?p=28253"},"modified":"2019-01-06T23:01:32","modified_gmt":"2019-01-06T22:01:32","slug":"emergenza-freddo-scatta-la-gara-di-solidarieta","status":"publish","type":"post","link":"https:\/\/www.messinaoggi.it\/website\/2019\/01\/06\/emergenza-freddo-scatta-la-gara-di-solidarieta\/","title":{"rendered":"Emergenza freddo, scatta la gara di solidariet\u00e0"},"content":{"rendered":"<p style=\"text-align: justify;\">Per l&#8217;emergenza freddo che in questi giorni sta interessando anche la citt\u00e0 di Messina \u00e8 scattata la gara di solidariet\u00e0 per fornire pasti e bevande calde ai senzatetto. Numerosi gli operatori commerciali della citt\u00e0 che hanno risposto presente all&#8217;appello lanciato da Alessandra Calafiore, assessore comunale ai Servizi sociali.<div id=\"div-gpt-ad-Messinaoggi.it-DSK-300x250-corpoart\" style=\"text-align:center;margin:0 auto;\"><\/div><\/p>\n<p style=\"text-align: justify;\">In questi giorni alcuni fra i pi\u00f9 importanti e sensibili imprenditori della citt\u00e0, fra i quali Lino Santoro Amante e Nicola Giannetto, rispettivamente titolare del ritrovo Santoro di piazza Cairoli e del Datterino di viale San Martino, hanno fornito bevande e pasti caldi alle organizzazioni di volontariato, fra le quali la Croce Rossa, i cui operatori hanno distribuito i generi di conforto ai senzatetto, nei pressi della stazione centrale.<div id=\"videoincontent\" style=\"clear:both\";><\/div><\/p>\n<p><img loading=\"lazy\" class=\"size-medium wp-image-6275 alignright\" src=\"http:\/\/www.messinaoggi.it\/website\/wp-content\/uploads\/2017\/08\/lino-santoro_8753-200x300.jpg\" alt=\"\" width=\"200\" height=\"300\" \/><\/p>\n<p style=\"text-align: justify;\">&#8220;<em>A me &#8211; afferma Lino Santoro Amante, presidente dell&#8217;Associazione Messina Incentro &#8211; piace fare solidariet\u00e0 agli ultimi, a chi ha realmente bisogno. E&#8217; nostro intento aiutare chi ha bisogno con piccoli gesti non solo in questi giorni di freddo, ma anche in futuro<\/em>&#8220;.<\/p>\n","protected":false},"excerpt":{"rendered":"<p>Per l&#8217;emergenza freddo che in questi giorni sta interessando anche la citt\u00e0 di Messina \u00e8 scattata la gara di solidariet\u00e0 per fornire pasti e bevande calde ai senzatetto. Numerosi gli operatori commerciali della citt\u00e0 che hanno risposto presente all&#8217;appello lanciato da Alessandra Calafiore, assessore comunale ai Servizi sociali. In questi giorni alcuni fra i pi\u00f9 [&hellip;]<\/p>\n","protected":false},"author":2,"featured_media":9397,"comment_status":"closed","ping_status":"open","sticky":false,"template":"","format":"standard","meta":{"ub_ctt_via":"","_mi_skip_tracking":false},"categories":[6],"tags":[],"featured_image_src":"https:\/\/www.messinaoggi.it\/website\/wp-content\/uploads\/2017\/10\/IMG_1833.jpg","author_info":{"display_name":"Redazione","author_link":"https:\/\/www.messinaoggi.it\/website\/author\/redazione\/"},"digistream_id":0,"digistream":false,"_links":{"self":[{"href":"https:\/\/www.messinaoggi.it\/website\/wp-json\/wp\/v2\/posts\/28253"}],"collection":[{"href":"https:\/\/www.messinaoggi.it\/website\/wp-json\/wp\/v2\/posts"}],"about":[{"href":"https:\/\/www.messinaoggi.it\/website\/wp-json\/wp\/v2\/types\/post"}],"author":[{"embeddable":true,"href":"https:\/\/www.messinaoggi.it\/website\/wp-json\/wp\/v2\/users\/2"}],"replies":[{"embeddable":true,"href":"https:\/\/www.messinaoggi.it\/website\/wp-json\/wp\/v2\/comments?post=28253"}],"version-history":[{"count":0,"href":"https:\/\/www.messinaoggi.it\/website\/wp-json\/wp\/v2\/posts\/28253\/revisions"}],"wp:featuredmedia":[{"embeddable":true,"href":"https:\/\/www.messinaoggi.it\/website\/wp-json\/wp\/v2\/media\/9397"}],"wp:attachment":[{"href":"https:\/\/www.messinaoggi.it\/website\/wp-json\/wp\/v2\/media?parent=28253"}],"wp:term":[{"taxonomy":"category","embeddable":true,"href":"https:\/\/www.messinaoggi.it\/website\/wp-json\/wp\/v2\/categories?post=28253"},{"taxonomy":"post_tag","embeddable":true,"href":"https:\/\/www.messinaoggi.it\/website\/wp-json\/wp\/v2\/tags?post=28253"}],"curies":[{"name":"wp","href":"https:\/\/api.w.org\/{rel}","templated":true}]}}