{"id":28222,"date":"2019-01-04T22:27:46","date_gmt":"2019-01-04T21:27:46","guid":{"rendered":"http:\/\/www.messinaoggi.it\/website\/?p=28222"},"modified":"2019-01-04T22:27:46","modified_gmt":"2019-01-04T21:27:46","slug":"decreto-sicurezza-i-sindaci-del-messinese-invitano-al-confronto","status":"publish","type":"post","link":"https:\/\/www.messinaoggi.it\/website\/2019\/01\/04\/decreto-sicurezza-i-sindaci-del-messinese-invitano-al-confronto\/","title":{"rendered":"Decreto sicurezza, i sindaci del messinese invitano al confronto"},"content":{"rendered":"<p style=\"text-align: justify;\">&#8220;Sulla legittimit\u00e0 del decreto sicurezza sar\u00e0 la Corte costituzionale a pronunciarsi. Di certo il decreto Salvini non deve aggravare situazioni di disagio e marginalit\u00e0 nelle nostre citt\u00e0&#8221;. Cos\u00ec, in una nota, tre sindaci della provincia di Messina, Marco Giorgianni, primo cittadino di Lipari, Salvino Fiore di San Piero Patti e Pippo Nobile di Castel di Lucio. I tre amministratori chiedono l&#8217;avvio di &#8220;una fase di dialogo istituzionale volta all&#8217;introduzione dei necessari correttivi al decreto&#8221;.<div id=\"div-gpt-ad-Messinaoggi.it-DSK-300x250-corpoart\" style=\"text-align:center;margin:0 auto;\"><\/div><\/p>\n<p style=\"text-align: justify;\">Nello specifico &#8211; affermano Giorganni, Fiore e Nobile &#8220;noi non condividiamo i contenuti del decreto Salvini, ma certo non cavalcheremo la linea dei &#8216;disobbedienti&#8217;, rendendoci protagonisti di uno scontro istituzionale che non serve a nessuno. Sono inaccettabili inoltre &#8211; osservano i sindaci &#8211; condotta e termini utilizzati dal ministro dell&#8217;Interno che definisce &#8216;traditori&#8217; alcuni nostri colleghi, i quali liberamente esprimono un dissenso politicamente legittimo&#8221;, I sindaci, infine, fanno un appello: &#8220;Su un tema cos\u00ec delicato non prevalga la propaganda e gli interessi di parte a discapito della credibilit\u00e0 delle istituzioni. Serve aprire una nuova stagione ed \u00e8 necessario che questa parta, soprattutto, da chi vive le istituzioni ad ogni livello&#8221;<div id=\"videoincontent\" style=\"clear:both\";><\/div><\/p>\n","protected":false},"excerpt":{"rendered":"<p>&#8220;Sulla legittimit\u00e0 del decreto sicurezza sar\u00e0 la Corte costituzionale a pronunciarsi. Di certo il decreto Salvini non deve aggravare situazioni di disagio e marginalit\u00e0 nelle nostre citt\u00e0&#8221;. Cos\u00ec, in una nota, tre sindaci della provincia di Messina, Marco Giorgianni, primo cittadino di Lipari, Salvino Fiore di San Piero Patti e Pippo Nobile di Castel di [&hellip;]<\/p>\n","protected":false},"author":2,"featured_media":2268,"comment_status":"closed","ping_status":"open","sticky":false,"template":"","format":"standard","meta":{"ub_ctt_via":"","_mi_skip_tracking":false},"categories":[11],"tags":[],"featured_image_src":"https:\/\/www.messinaoggi.it\/website\/wp-content\/uploads\/2017\/06\/salvini-caserma-gasparro-2.jpg","author_info":{"display_name":"Redazione","author_link":"https:\/\/www.messinaoggi.it\/website\/author\/redazione\/"},"digistream_id":0,"digistream":false,"_links":{"self":[{"href":"https:\/\/www.messinaoggi.it\/website\/wp-json\/wp\/v2\/posts\/28222"}],"collection":[{"href":"https:\/\/www.messinaoggi.it\/website\/wp-json\/wp\/v2\/posts"}],"about":[{"href":"https:\/\/www.messinaoggi.it\/website\/wp-json\/wp\/v2\/types\/post"}],"author":[{"embeddable":true,"href":"https:\/\/www.messinaoggi.it\/website\/wp-json\/wp\/v2\/users\/2"}],"replies":[{"embeddable":true,"href":"https:\/\/www.messinaoggi.it\/website\/wp-json\/wp\/v2\/comments?post=28222"}],"version-history":[{"count":0,"href":"https:\/\/www.messinaoggi.it\/website\/wp-json\/wp\/v2\/posts\/28222\/revisions"}],"wp:featuredmedia":[{"embeddable":true,"href":"https:\/\/www.messinaoggi.it\/website\/wp-json\/wp\/v2\/media\/2268"}],"wp:attachment":[{"href":"https:\/\/www.messinaoggi.it\/website\/wp-json\/wp\/v2\/media?parent=28222"}],"wp:term":[{"taxonomy":"category","embeddable":true,"href":"https:\/\/www.messinaoggi.it\/website\/wp-json\/wp\/v2\/categories?post=28222"},{"taxonomy":"post_tag","embeddable":true,"href":"https:\/\/www.messinaoggi.it\/website\/wp-json\/wp\/v2\/tags?post=28222"}],"curies":[{"name":"wp","href":"https:\/\/api.w.org\/{rel}","templated":true}]}}