{"id":28178,"date":"2019-01-06T19:15:38","date_gmt":"2019-01-06T18:15:38","guid":{"rendered":"http:\/\/www.messinaoggi.it\/website\/?p=28178"},"modified":"2019-01-06T19:15:38","modified_gmt":"2019-01-06T18:15:38","slug":"atm-lodissea-dei-pendolari-della-zona-nord","status":"publish","type":"post","link":"https:\/\/www.messinaoggi.it\/website\/2019\/01\/06\/atm-lodissea-dei-pendolari-della-zona-nord\/","title":{"rendered":"Atm, l&#039;odissea dei pendolari della zona nord"},"content":{"rendered":"<p align=\"JUSTIFY\"><span style=\"color: #000000;\"><span style=\"font-family: Arial, sans-serif;\"><span lang=\"it-IT\">\u00c8 abbastanza recente la notizia relativa alla <a href=\"http:\/\/www.messinaoggi.it\/website\/2019\/01\/03\/atm-sospeso-il-collegamento-via-autostrada-tra-cavallotti-e-ponte-gallo\/\"><span style=\"text-decoration: underline;\">temporanea sospensione della linea 33<\/span><\/a>, cio\u00e8 della linea bus che passando dall&#8217;autostrada fa la spola tra Cavallotti e Ponte Gallo. Il motivo \u00e8 dovuto sostanzialmente all&#8217;impossibilit\u00e0 di utilizzare i due autobus ad oggi disponibili, in quanto l&#8217;uno \u00e8 guasto mentre l&#8217;altro \u00e8 interdetto dalla circolazione perch\u00e9 fortemente inquinante. Un grosso problema questo per i numerosi residenti stanziati nell&#8217;estrema riviera nord (il tratto Mortelle-Ponte Gallo per intenderci), che adesso per recarsi a Messina si vedono costretti a ripiegare sull&#8217;unica alternativa rimasta: la linea 32, che transita lungo la Ss 113 e che rappresenta ad oggi un vero e proprio incubo per gli abitanti della frazione rivierasca che giornalmente per motivi di studio o di lavoro devono recarsi in centro. Il perch\u00e9? I tempi di percorrenza tra Ponte Gallo e Cavallotti sono divenuti pi\u00f9 lunghi soprattutto per via del nuovo capolinea a Torre Faro, all&#8217;incrocio di <\/span><\/span><\/span><span style=\"color: #000000;\"><span style=\"font-family: Arial, sans-serif;\"><span style=\"font-size: medium;\"><span lang=\"it-IT\">Via Nuova \u2013 Via Circuito: da l\u00ec bisogner\u00e0 attendere che lo \u201cShuttle\u201d scorti i residenti della frazione rivierasca in centro.<\/span><\/span><\/span><\/span><div id=\"div-gpt-ad-Messinaoggi.it-DSK-300x250-corpoart\" style=\"text-align:center;margin:0 auto;\"><\/div><\/p>\n<p align=\"JUSTIFY\"><span style=\"color: #000000;\"><span style=\"font-family: Arial, sans-serif;\"><span style=\"font-size: medium;\">Per comprendere meglio di quanto i tempi si siano effettivamente allungati, possiamo analizzare la seguente tabella a doppia entrata:<\/span><\/span><\/span><div id=\"videoincontent\" style=\"clear:both\";><\/div><\/p>\n<p lang=\"it-IT\" align=\"JUSTIFY\"><a href=\"http:\/\/www.messinaoggi.it\/website\/wp-content\/uploads\/2019\/01\/dati-32.jpg\"><img loading=\"lazy\" class=\"size-full wp-image-28197 aligncenter\" src=\"http:\/\/www.messinaoggi.it\/website\/wp-content\/uploads\/2019\/01\/dati-32.jpg\" alt=\"\" width=\"649\" height=\"144\" \/><\/a><\/p>\n<p align=\"JUSTIFY\"><span style=\"color: #000000;\"><span style=\"font-family: Arial, sans-serif;\"><span style=\"font-size: medium;\"><span lang=\"it-IT\">Nella tabella in esame sono stati analizzati congiuntamente i caratteri<\/span><\/span><\/span><\/span><span style=\"color: #000000;\"><span style=\"font-family: Arial, sans-serif;\"><span style=\"font-size: medium;\"><span lang=\"it-IT\"> \u201cT<\/span><\/span><\/span><\/span><span style=\"color: #000000;\"><span style=\"font-family: Arial, sans-serif;\"><span style=\"font-size: medium;\"><span lang=\"it-IT\">empo medio di percorrenza tra Ponte Gallo e Cavallotti\u201d in minuti e \u201cSalta coincidenza?\u201d. Con riferimento al primo carattere, le modalit\u00e0 possibili sono fondamentalmente tre: Ponte Gallo \u2013 Cavallotti, che implica che il 32 faccia capolinea al Cavallotti; Ponte Gallo \u2013 Annunziata \u2013 Cavallotti, che implica che il 32 faccia capolinea all&#8217;Annunziata: ci\u00f2 significa che bisogner\u00e0 poi attendere il tram per recarsi in centro; e Ponte Gallo \u2013 Torre Faro \u2013 Cavallotti, che implica che il 32 faccia capolinea a Torre Faro: ci\u00f2 significa che bisogner\u00e0 poi attendere lo \u201cShuttle\u201d per recarsi in centro. <\/span><\/span><\/span><\/span><\/p>\n<p lang=\"it-IT\" align=\"JUSTIFY\"><span style=\"color: #000000;\"><span style=\"font-family: Arial, sans-serif;\"><span style=\"font-size: medium;\">Relativamente al secondo carattere, si fa sostanzialmente riferimento all&#8217;eventuale salto della coincidenza con il tram nell&#8217;ipotesi in cui il 32 faccia capolinea all&#8217;Annunziata oppure con lo \u201cShuttle\u201d nell&#8217;ipotesi in cui il 32 faccia capolinea a Torre Faro: in tal senso, \u00e8 chiaro che qualora vi sar\u00e0 un salto della coincidenza bisogner\u00e0 attendere la coincidenza successiva e, dunque, un periodo di tempo maggiore alla fermata.<\/span><\/span><\/span><\/p>\n<p lang=\"it-IT\" align=\"JUSTIFY\"><span style=\"color: #000000;\"><span style=\"font-family: Arial, sans-serif;\"><span style=\"font-size: medium;\">Dall&#8217;analisi della tabella il dato che salta subito all&#8217;occhio \u00e8 che il tempo di percorrenza medio relativo a Ponte Gallo \u2013 Cavallotti e Ponte Gallo \u2013 Annunziata \u2013 Cavallotti risulta essere abbastanza simile, indipendentemente dal fatto che si registri o meno un salto della coincidenza con il tram: in entrambi i casi infatti il tempo di percorrenza medio si attesta attorno all&#8217;ora e mezza. Viceversa, il tratto Ponte Gallo \u2013 Torre Faro \u2013 Cavallotti presenta un tempo di percorrenza medio decisamente pi\u00f9 lungo, specie se si verifica un salto della coincidenza con lo \u201cShuttle\u201d: in quest&#8217;ultima ipotesi si passa infatti da un tempo di percorrenza medio pari a 95 minuti a uno di 114. Un frustrante viaggio di quasi due ore per recarsi da un luogo all&#8217;altro della stessa citt\u00e0: un vero e proprio incubo, dicevamo.<\/span><\/span><\/span><\/p>\n<p lang=\"it-IT\" align=\"JUSTIFY\"><span style=\"color: #000000;\"><span style=\"font-family: Arial, sans-serif;\"><span style=\"font-size: medium;\">Nella speranza che la problematica relativa alla linea 33 venga risolta nel pi\u00f9 breve tempo possibile, ci si augura quindi che nel futuro prossimo la durata del tragitto via Ss 113 possa divenire meno frustrante per i pendolari della zona nord, che ad oggi si ritrovano a dover affrontare quotidianamente un viaggio interminabile<span lang=\"it-IT\">: basterebbe in tal senso, ad esempio, garantire almeno due autobus che facciano la spola tra Ponte Gallo e Annunziata ad intervalli di un&#8217;ora circa l&#8217;uno dall&#8217;altro.<\/span><\/span><\/span><\/span><\/p>\n","protected":false},"excerpt":{"rendered":"<p>\u00c8 abbastanza recente la notizia relativa alla temporanea sospensione della linea 33, cio\u00e8 della linea bus che passando dall&#8217;autostrada fa la spola tra Cavallotti e Ponte Gallo. Il motivo \u00e8 dovuto sostanzialmente all&#8217;impossibilit\u00e0 di utilizzare i due autobus ad oggi disponibili, in quanto l&#8217;uno \u00e8 guasto mentre l&#8217;altro \u00e8 interdetto dalla circolazione perch\u00e9 fortemente inquinante. [&hellip;]<\/p>\n","protected":false},"author":10,"featured_media":14925,"comment_status":"closed","ping_status":"open","sticky":false,"template":"","format":"standard","meta":{"ub_ctt_via":"","_mi_skip_tracking":false},"categories":[6],"tags":[],"featured_image_src":"https:\/\/www.messinaoggi.it\/website\/wp-content\/uploads\/2018\/01\/Atm-linea-79-1.jpg","author_info":{"display_name":"Paolo Mustica","author_link":"https:\/\/www.messinaoggi.it\/website\/author\/p-mustica\/"},"digistream_id":0,"digistream":false,"_links":{"self":[{"href":"https:\/\/www.messinaoggi.it\/website\/wp-json\/wp\/v2\/posts\/28178"}],"collection":[{"href":"https:\/\/www.messinaoggi.it\/website\/wp-json\/wp\/v2\/posts"}],"about":[{"href":"https:\/\/www.messinaoggi.it\/website\/wp-json\/wp\/v2\/types\/post"}],"author":[{"embeddable":true,"href":"https:\/\/www.messinaoggi.it\/website\/wp-json\/wp\/v2\/users\/10"}],"replies":[{"embeddable":true,"href":"https:\/\/www.messinaoggi.it\/website\/wp-json\/wp\/v2\/comments?post=28178"}],"version-history":[{"count":0,"href":"https:\/\/www.messinaoggi.it\/website\/wp-json\/wp\/v2\/posts\/28178\/revisions"}],"wp:featuredmedia":[{"embeddable":true,"href":"https:\/\/www.messinaoggi.it\/website\/wp-json\/wp\/v2\/media\/14925"}],"wp:attachment":[{"href":"https:\/\/www.messinaoggi.it\/website\/wp-json\/wp\/v2\/media?parent=28178"}],"wp:term":[{"taxonomy":"category","embeddable":true,"href":"https:\/\/www.messinaoggi.it\/website\/wp-json\/wp\/v2\/categories?post=28178"},{"taxonomy":"post_tag","embeddable":true,"href":"https:\/\/www.messinaoggi.it\/website\/wp-json\/wp\/v2\/tags?post=28178"}],"curies":[{"name":"wp","href":"https:\/\/api.w.org\/{rel}","templated":true}]}}