{"id":28113,"date":"2018-12-31T10:23:54","date_gmt":"2018-12-31T09:23:54","guid":{"rendered":"http:\/\/www.messinaoggi.it\/website\/?p=28113"},"modified":"2018-12-31T10:23:54","modified_gmt":"2018-12-31T09:23:54","slug":"niente-zes-per-il-porto-di-messina-siracusano-fi-ennesima-beffa-ai-danni-del-sud","status":"publish","type":"post","link":"https:\/\/www.messinaoggi.it\/website\/2018\/12\/31\/niente-zes-per-il-porto-di-messina-siracusano-fi-ennesima-beffa-ai-danni-del-sud\/","title":{"rendered":"Niente Zes per il porto di Messina, Siracusano (FI): &quot;Ennesima beffa ai danni del Sud&quot;"},"content":{"rendered":"<p lang=\"it-IT\"><span style=\"font-family: Arial, sans-serif\">Slitta a data da destinarsi l&#8217;istituzione della\u00a0Zona economica speciale (Zes) per l&#8217;Area portuale dello Stretto di Messina. \u00c8 quanto si apprende in sintesi da una nota di Matilde Siracusano, esponente di Forza Italia alla Camera dei Deputati, che ieri ha presentato, senza alcun successo, un odg alla Manovra affinch\u00e9 il governo Conte si impegnasse concretamente ad istituire tale Zes: &#8220;<em>Ieri in aula si \u00e8 consumata l&#8217;ennesima beffa ai danni del Mezzogiorno. Con un odg alla Manovra avevo chiesto al Governo di impegnarsi per l&#8217;istituzione della Zona Economica Speciale per l&#8217;Area portuale dello Stretto di Messina e rilanciare il progresso economico del territorio, in continuit\u00e0 con la presenza della nuova Autorit\u00e0 di sistema portuale dello Stretto. Purtroppo, dopo la bocciatura del mio emendamento al decreto fiscale relativo all\u2019istituzione della Zes per lo Stretto, anche questo odg \u00e8 stato respinto<\/em>&#8220;, afferma con rammarico Siracusano.<\/span><div id=\"div-gpt-ad-Messinaoggi.it-DSK-300x250-corpoart\" style=\"text-align:center;margin:0 auto;\"><\/div><\/p>\n<p>&#8220;<em>Un&#8217;ingiusta contraddizione<\/em> &#8211; aggiunge la parlamentare &#8211;<em> specie se alla luce di quanto affermato qualche settimana fa dal Capogruppo del M5S alla Camera, Francesco D&#8217;Uva, che parlando della bocciatura al mio emendamento, denunciava il montaggio di un caso giornalistico ad hoc.<\/em><br \/>\n&#8220;<em>Si ricordano le parole dell&#8217;onorevole D&#8217;Uva, per il quale: &#8216;Sulla questione delle Zes torneremo con una rivisitazione organica della disciplina. Nulla, ad oggi, preclude l\u2019istituzione di Zone economiche speciali nella provincia di Messina&#8217;.<\/em><br \/>\n&#8220;<em>Con la bocciatura del mio odg alla Manovra<\/em> &#8211; conclude Siracusano &#8211;<em> tutti potranno rendersi conto che in realt\u00e0, non c&#8217;\u00e8 nessuna volont\u00e0 a istituire la Zes per l&#8217;Area dello Stretto. L&#8217;attuale maggioranza di Governo smentisce con i fatti le promesse per il rilancio del Sud<\/em>&#8220;.<div id=\"videoincontent\" style=\"clear:both\";><\/div><\/p>\n","protected":false},"excerpt":{"rendered":"<p>Slitta a data da destinarsi l&#8217;istituzione della\u00a0Zona economica speciale (Zes) per l&#8217;Area portuale dello Stretto di Messina. \u00c8 quanto si apprende in sintesi da una nota di Matilde Siracusano, esponente di Forza Italia alla Camera dei Deputati, che ieri ha presentato, senza alcun successo, un odg alla Manovra affinch\u00e9 il governo Conte si impegnasse concretamente [&hellip;]<\/p>\n","protected":false},"author":8,"featured_media":16441,"comment_status":"closed","ping_status":"open","sticky":false,"template":"","format":"standard","meta":{"ub_ctt_via":"","_mi_skip_tracking":false},"categories":[4],"tags":[],"featured_image_src":"https:\/\/www.messinaoggi.it\/website\/wp-content\/uploads\/2018\/03\/matilde-siracusano-1.jpg","author_info":{"display_name":"red..me","author_link":"https:\/\/www.messinaoggi.it\/website\/author\/redstage\/"},"digistream_id":0,"digistream":false,"_links":{"self":[{"href":"https:\/\/www.messinaoggi.it\/website\/wp-json\/wp\/v2\/posts\/28113"}],"collection":[{"href":"https:\/\/www.messinaoggi.it\/website\/wp-json\/wp\/v2\/posts"}],"about":[{"href":"https:\/\/www.messinaoggi.it\/website\/wp-json\/wp\/v2\/types\/post"}],"author":[{"embeddable":true,"href":"https:\/\/www.messinaoggi.it\/website\/wp-json\/wp\/v2\/users\/8"}],"replies":[{"embeddable":true,"href":"https:\/\/www.messinaoggi.it\/website\/wp-json\/wp\/v2\/comments?post=28113"}],"version-history":[{"count":0,"href":"https:\/\/www.messinaoggi.it\/website\/wp-json\/wp\/v2\/posts\/28113\/revisions"}],"wp:featuredmedia":[{"embeddable":true,"href":"https:\/\/www.messinaoggi.it\/website\/wp-json\/wp\/v2\/media\/16441"}],"wp:attachment":[{"href":"https:\/\/www.messinaoggi.it\/website\/wp-json\/wp\/v2\/media?parent=28113"}],"wp:term":[{"taxonomy":"category","embeddable":true,"href":"https:\/\/www.messinaoggi.it\/website\/wp-json\/wp\/v2\/categories?post=28113"},{"taxonomy":"post_tag","embeddable":true,"href":"https:\/\/www.messinaoggi.it\/website\/wp-json\/wp\/v2\/tags?post=28113"}],"curies":[{"name":"wp","href":"https:\/\/api.w.org\/{rel}","templated":true}]}}