{"id":28019,"date":"2018-12-26T16:18:30","date_gmt":"2018-12-26T15:18:30","guid":{"rendered":"http:\/\/www.messinaoggi.it\/website\/?p=28019"},"modified":"2018-12-26T16:18:30","modified_gmt":"2018-12-26T15:18:30","slug":"studio-in-collaborazione-con-unime-7-su-10-con-bassa-cultura-alimentare","status":"publish","type":"post","link":"https:\/\/www.messinaoggi.it\/website\/2018\/12\/26\/studio-in-collaborazione-con-unime-7-su-10-con-bassa-cultura-alimentare\/","title":{"rendered":"Studio in collaborazione con UniMe: 7 su 10 con bassa cultura alimentare"},"content":{"rendered":"<p style=\"text-align: justify;\">Statistica del 7 giugno 2018: il food invade la TV e domina il web, rivoluzionando la nostra relazione con il cibo e le scelte alimentari. Una grande mole di informazioni &#8216;a portata di click&#8217;, sempre pi\u00f9 emozionali, improntate ai concetti di bellezza e salutismo ad ogni costo, dominate da falsi miti e soluzioni prive di evidenze scientifiche che mettono a rischio la salute dei cittadini. Anche perch\u00e9 7 italiani su 10 mostrano uno scarso livello di alfabetizzazione alimentare, che risulta essere problematico per il 52,5% degli intervistati e addirittura inadeguato &#8211; il livello pi\u00f9 basso &#8211; per oltre il 19%. A delineare questo scenario \u00e8 l&#8217;ANDID, l&#8217;associazione nazionale dei dietisti, nel corso di un evento che si \u00e8 svolto oggi a Roma, alla presenza di esponenti di istituzioni sanitarie e societ\u00e0 scientifiche, per sottolineare l&#8217;urgenza di riportare al centro del dibattito pubblico il tema della cultura alimentare, riconducendo il discorso sul cibo su basi scientifiche e di qualit\u00e0.<div id=\"div-gpt-ad-Messinaoggi.it-DSK-300x250-corpoart\" style=\"text-align:center;margin:0 auto;\"><\/div><\/p>\n<p style=\"text-align: justify;\">Da un&#8217;indagine realizzata da ANDID con<strong> l&#8217;Universit\u00e0 di Messina<\/strong>, che ha analizzato il racconto del cibo sul web, gli italiani, padri della dieta mediterranea, appaiono sempre pi\u00f9 confusi e disorientati, focalizzati su un paradigma alimentare che ruota intorno alle calorie e ai singoli nutrienti, piuttosto che su un modello globale di stile di vita. Predomina l&#8217;orientamento a una dietetica del s\u00ec\/no che promuove super-cibi miracolosi o, al contrario demonizza alimenti killer, ma anche una dietetica per slogan che induce al sovra-consumo di alimenti &#8220;senza&#8221; (grassi, zuccheri, glutine) e &#8220;con&#8221; (fibre, vitamine), nel tentativo di assecondare l&#8217;ossessione del cibo sano e della forma fisica.<div id=\"videoincontent\" style=\"clear:both\";><\/div><\/p>\n","protected":false},"excerpt":{"rendered":"<p>Statistica del 7 giugno 2018: il food invade la TV e domina il web, rivoluzionando la nostra relazione con il cibo e le scelte alimentari. Una grande mole di informazioni &#8216;a portata di click&#8217;, sempre pi\u00f9 emozionali, improntate ai concetti di bellezza e salutismo ad ogni costo, dominate da falsi miti e soluzioni prive di [&hellip;]<\/p>\n","protected":false},"author":2,"featured_media":387,"comment_status":"closed","ping_status":"open","sticky":false,"template":"","format":"standard","meta":{"ub_ctt_via":"","_mi_skip_tracking":false},"categories":[7],"tags":[],"featured_image_src":"https:\/\/www.messinaoggi.it\/website\/wp-content\/uploads\/2017\/05\/unime-convegno-2.jpg","author_info":{"display_name":"Redazione","author_link":"https:\/\/www.messinaoggi.it\/website\/author\/redazione\/"},"digistream_id":0,"digistream":false,"_links":{"self":[{"href":"https:\/\/www.messinaoggi.it\/website\/wp-json\/wp\/v2\/posts\/28019"}],"collection":[{"href":"https:\/\/www.messinaoggi.it\/website\/wp-json\/wp\/v2\/posts"}],"about":[{"href":"https:\/\/www.messinaoggi.it\/website\/wp-json\/wp\/v2\/types\/post"}],"author":[{"embeddable":true,"href":"https:\/\/www.messinaoggi.it\/website\/wp-json\/wp\/v2\/users\/2"}],"replies":[{"embeddable":true,"href":"https:\/\/www.messinaoggi.it\/website\/wp-json\/wp\/v2\/comments?post=28019"}],"version-history":[{"count":0,"href":"https:\/\/www.messinaoggi.it\/website\/wp-json\/wp\/v2\/posts\/28019\/revisions"}],"wp:featuredmedia":[{"embeddable":true,"href":"https:\/\/www.messinaoggi.it\/website\/wp-json\/wp\/v2\/media\/387"}],"wp:attachment":[{"href":"https:\/\/www.messinaoggi.it\/website\/wp-json\/wp\/v2\/media?parent=28019"}],"wp:term":[{"taxonomy":"category","embeddable":true,"href":"https:\/\/www.messinaoggi.it\/website\/wp-json\/wp\/v2\/categories?post=28019"},{"taxonomy":"post_tag","embeddable":true,"href":"https:\/\/www.messinaoggi.it\/website\/wp-json\/wp\/v2\/tags?post=28019"}],"curies":[{"name":"wp","href":"https:\/\/api.w.org\/{rel}","templated":true}]}}