{"id":27939,"date":"2018-12-21T13:26:29","date_gmt":"2018-12-21T12:26:29","guid":{"rendered":"http:\/\/www.messinaoggi.it\/website\/?p=27939"},"modified":"2018-12-21T13:26:29","modified_gmt":"2018-12-21T12:26:29","slug":"frana-a-reginella-lappello-di-laimo-castanea-quasi-isolata-intervenga-lesercito","status":"publish","type":"post","link":"https:\/\/www.messinaoggi.it\/website\/2018\/12\/21\/frana-a-reginella-lappello-di-laimo-castanea-quasi-isolata-intervenga-lesercito\/","title":{"rendered":"Frana a Reginella, l&#039;appello di Laimo: &quot;Castanea quasi isolata, intervenga l&#039;Esercito&quot;"},"content":{"rendered":"<p><span style=\"font-family: Arial, sans-serif\">Chiedere aiuto anche all&#8217;Esercito italiano assieme al Corpo Forestale, Protezione civile, Vigili del Fuoco, Vigili urbani e Polizia metropolitana per riaprire il transito veicolare nella bretella di collegamento Portella Castanea. \u00c8 questo l&#8217;appello lanciato dal consigliere della V Circoscrizione Franco Laimo affinch\u00e9 possa essere risolta nel modo pi\u00f9 rapido possibile la problematica relativa alla frana avvenuta nella notte di gioved\u00ec scorso a Regina, la strada che da Portella Castanea conduce alle \u201cQuattro strade\u201d. Questo perch\u00e9 i tempi sono risicatissimi, considerato che manca poco all&#8217;inaugurazione del presepe vivente di Castanea, che ogni anno viene visitato da migliaia e migliaia di persone provenienti anche da Paesi stranieri.<\/span><br \/>\n<span style=\"font-family: Arial, sans-serif\">Le strade alternative di congiunzione fra la citt\u00e0 ed il paese collinare di Castanea non agevolano il raggiungimento del presepe, in quanto le strade percorribili, dalla via Palermo alta o dalla zona di Sparta, Masse, o Rodia o ancora Gesso, sarebbero troppo strette e per i tanti bus organizzati sarebbe impossibile transitare. <\/span><br \/>\n<span style=\"font-family: Arial, sans-serif\">&#8220;<em>Immani difficolt\u00e0 poi anche per i tanti pendolari che percorrono questo importante tratto di strada<\/em>&#8220;, spiega Laimo, che aggiunge: &#8220;<em>Q<\/em><\/span><span style=\"font-family: Arial, sans-serif\"><em>uesta frana \u00e8 il risultato dei tanti incendi che lo scorso anno hanno dilaniato le colline peloritane: pi\u00f9 volte ho sollecitato dalla sede della V Circoscrizione un repentino rinfoltimento di alberi proprio in quelle zone maggiormente colpite al fine di evitare pericolose calamit\u00e0, e solo per puro caso ieri non \u00e8 successo l&#8217;irreparabile, essendo ormai una strada ad alta densit\u00e0 di percorrenza<\/em>&#8220;.<\/span><div id=\"div-gpt-ad-Messinaoggi.it-DSK-300x250-corpoart\" style=\"text-align:center;margin:0 auto;\"><\/div><\/p>\n<div id=\"yiv3231911850yMail_cursorElementTracker_1545386223882\" dir=\"LTR\">\n<span style=\"font-family: Arial, sans-serif\">&#8220;<em>Nonostante poi siano stati impegnate e spese diverse decine di migliaia di euro per la messa in sicurezza dell&#8217;arteria questi fondi\u00a0sono risultati insufficienti,<\/em> &#8211; prosegue Laimo &#8211;<em> poich\u00e9 non sono state poste reti e muri di contenimento: quasi giornalmente difatti sulla carreggiata sono visibili i segni di caduta di massi e detriti.\u00a0<\/em><\/span><em><span style=\"font-family: Arial, sans-serif\">Non vi \u00e8 poi segnaletica orizzontale adeguata in caso di nebbia che frequentemente attanaglia l&#8217;intera zona.<\/span><\/em>\n<\/div>\n<p><span style=\"font-family: Arial, sans-serif\">&#8220;<em>Chiede che in tempi brevissimi,<\/em> &#8211; conclude il consigliere circoscrizionale &#8211;<em> lavorando anche di notte se necessario, si possa riaprire in sicurezza il tratto di collegamento tra San Michele e Portella<\/em>&#8220;.<\/span><div id=\"videoincontent\" style=\"clear:both\";><\/div><\/p>\n","protected":false},"excerpt":{"rendered":"<p>Chiedere aiuto anche all&#8217;Esercito italiano assieme al Corpo Forestale, Protezione civile, Vigili del Fuoco, Vigili urbani e Polizia metropolitana per riaprire il transito veicolare nella bretella di collegamento Portella Castanea. \u00c8 questo l&#8217;appello lanciato dal consigliere della V Circoscrizione Franco Laimo affinch\u00e9 possa essere risolta nel modo pi\u00f9 rapido possibile la problematica relativa alla frana [&hellip;]<\/p>\n","protected":false},"author":8,"featured_media":27950,"comment_status":"closed","ping_status":"open","sticky":false,"template":"","format":"standard","meta":{"ub_ctt_via":"","_mi_skip_tracking":false},"categories":[6],"tags":[],"featured_image_src":"https:\/\/www.messinaoggi.it\/website\/wp-content\/uploads\/2018\/12\/frana-reginella.jpg","author_info":{"display_name":"red..me","author_link":"https:\/\/www.messinaoggi.it\/website\/author\/redstage\/"},"digistream_id":0,"digistream":false,"_links":{"self":[{"href":"https:\/\/www.messinaoggi.it\/website\/wp-json\/wp\/v2\/posts\/27939"}],"collection":[{"href":"https:\/\/www.messinaoggi.it\/website\/wp-json\/wp\/v2\/posts"}],"about":[{"href":"https:\/\/www.messinaoggi.it\/website\/wp-json\/wp\/v2\/types\/post"}],"author":[{"embeddable":true,"href":"https:\/\/www.messinaoggi.it\/website\/wp-json\/wp\/v2\/users\/8"}],"replies":[{"embeddable":true,"href":"https:\/\/www.messinaoggi.it\/website\/wp-json\/wp\/v2\/comments?post=27939"}],"version-history":[{"count":0,"href":"https:\/\/www.messinaoggi.it\/website\/wp-json\/wp\/v2\/posts\/27939\/revisions"}],"wp:featuredmedia":[{"embeddable":true,"href":"https:\/\/www.messinaoggi.it\/website\/wp-json\/wp\/v2\/media\/27950"}],"wp:attachment":[{"href":"https:\/\/www.messinaoggi.it\/website\/wp-json\/wp\/v2\/media?parent=27939"}],"wp:term":[{"taxonomy":"category","embeddable":true,"href":"https:\/\/www.messinaoggi.it\/website\/wp-json\/wp\/v2\/categories?post=27939"},{"taxonomy":"post_tag","embeddable":true,"href":"https:\/\/www.messinaoggi.it\/website\/wp-json\/wp\/v2\/tags?post=27939"}],"curies":[{"name":"wp","href":"https:\/\/api.w.org\/{rel}","templated":true}]}}