{"id":27938,"date":"2018-12-21T19:00:11","date_gmt":"2018-12-21T18:00:11","guid":{"rendered":"http:\/\/www.messinaoggi.it\/website\/?p=27938"},"modified":"2018-12-21T19:00:11","modified_gmt":"2018-12-21T18:00:11","slug":"frana-a-reginella-la-fauci-e-pagano-il-sindaco-provveda-subito-a-risolvere-tale-situazione","status":"publish","type":"post","link":"https:\/\/www.messinaoggi.it\/website\/2018\/12\/21\/frana-a-reginella-la-fauci-e-pagano-il-sindaco-provveda-subito-a-risolvere-tale-situazione\/","title":{"rendered":"Frana a Reginella, La Fauci e Pagano: &quot;Il sindaco provveda subito a risolvere tale situazione&quot;"},"content":{"rendered":"<p style=\"text-align: left;\" align=\"JUSTIFY\"><span style=\"color: #000000;\">\u201c<span style=\"font-family: Arial, sans-serif;\"><i>Ci troviamo nuovamente a dover trattare in maniera emergenziale una situazione che poteva essere risolta, o quantomeno contenuta, gi\u00e0 diversi anni fa<\/i>\u201d. \u00c8 quanto affermano i consiglieri comunali di Ora Messina Giandomenico La Fauci e Francesco Pagano con riferimento alla recente <a href=\"http:\/\/www.messinaoggi.it\/website\/2018\/12\/20\/frana-a-reginella-pesanti-disagi-per-raggiungere-castanea-e-salice\/\"><span style=\"text-decoration: underline;\">frana avvenuta <\/span><\/a><span style=\"font-size: medium;\"><span style=\"text-decoration: underline;\">a Reginella<\/span>, la strada che da Portella Castanea conduce alle \u201cQuattro strade\u201d.<\/span><\/span><\/span><div id=\"div-gpt-ad-Messinaoggi.it-DSK-300x250-corpoart\" style=\"text-align:center;margin:0 auto;\"><\/div><\/p>\n<p><span style=\"font-family: Arial, sans-serif;\">&#8220;<em>Immediatamente dopo la frana, ci siamo attivati<\/em> \u2013 raccontano Pagano e La Fauci \u2013<em> per comprendere quali potessero essere i tempi per la risoluzione del problema. Come troppo spesso accade, per\u00f2, abbiamo trovato un rimpallo di responsabilit\u00e0 e competenze inaccettabile. Al momento, infatti, non \u00e8 chiaro chi dovr\u00e0 intervenire tra Protezione Civile e i vari dipartimenti, in pi\u00f9 non c\u2019\u00e8 ancora un piano strategico e alternativo per non lasciare isolati tutti i cittadini residenti oltre il punto della frana. Ci rivolgiamo direttamente al sindaco De Luca, perch\u00e9 \u00e8 il momento di una scelta responsabile per non lasciare isolata una parte della citt\u00e0. In pi\u00f9<\/em> \u2013 aggiungono i consiglieri \u2013<em> sono previste svariate iniziative per le prossime festivit\u00e0 natalizie che rischiano di venire condizionate o, peggio, cancellate. Come sempre il conto pi\u00f9 salato lo pagano i messinesi che si trovano nella solita condizione di difficolt\u00e0, dovuta principalmente a un evidente lassismo.<\/em><\/span><br \/>\n<span style=\"font-family: Arial, sans-serif;\">&#8220;<em>Tutta la zona collinare presente in quei tratti dovrebbe essere sottoposta a trattamenti di manutenzione continui, invece ancora una volta ci ritroviamo a dover trovare soluzioni per arginare l\u2019emergenza senza un reale piano di contrasto ai problemi. Quelle zone<\/em> \u2013 spiegano ancora \u2013<em> sono gravate di un territorio spesso condizionato da incendi e forti piogge che rendono il terreno meno solido. Altro problema \u00e8 quello riguardante la folta presenza di cinghiali che, in totale assenza di un piano di contenimento e protezione degli stessi animali, incidono sulla stabilit\u00e0 di un terreno gi\u00e0 smosso e in condizioni di instabilit\u00e0. <\/em><\/span><br \/>\n<span style=\"color: #000000;\"><span style=\"font-family: Arial, sans-serif;\"><span style=\"font-size: medium;\"><em>Ci sentiamo<\/em> \u2013 concludono La Fauci e Pagano \u2013<em> di rivolgerci, ancora, direttamente al sindaco De Luca perch\u00e9 prenda in prima persona una decisione atta alla risoluzione del problema. Il rimpallo di responsabilit\u00e0 non \u00e8 accettabile, va chiarito senza indugi chi ha la competenza per la risoluzione, poi sar\u00e0 il momento di scrivere un vero e proprio piano per la salvaguardia del territorio e per evitare che si ricada nell\u2019ennesima emergenza<\/em>&#8220;. <\/span><\/span><\/span><div id=\"videoincontent\" style=\"clear:both\";><\/div><\/p>\n","protected":false},"excerpt":{"rendered":"<p>\u201cCi troviamo nuovamente a dover trattare in maniera emergenziale una situazione che poteva essere risolta, o quantomeno contenuta, gi\u00e0 diversi anni fa\u201d. \u00c8 quanto affermano i consiglieri comunali di Ora Messina Giandomenico La Fauci e Francesco Pagano con riferimento alla recente frana avvenuta a Reginella, la strada che da Portella Castanea conduce alle \u201cQuattro strade\u201d. [&hellip;]<\/p>\n","protected":false},"author":8,"featured_media":27901,"comment_status":"closed","ping_status":"open","sticky":false,"template":"","format":"standard","meta":{"ub_ctt_via":"","_mi_skip_tracking":false},"categories":[4],"tags":[],"featured_image_src":"https:\/\/www.messinaoggi.it\/website\/wp-content\/uploads\/2018\/12\/mezzi-di-soccorso-a-Reginella.jpg","author_info":{"display_name":"red..me","author_link":"https:\/\/www.messinaoggi.it\/website\/author\/redstage\/"},"digistream_id":0,"digistream":false,"_links":{"self":[{"href":"https:\/\/www.messinaoggi.it\/website\/wp-json\/wp\/v2\/posts\/27938"}],"collection":[{"href":"https:\/\/www.messinaoggi.it\/website\/wp-json\/wp\/v2\/posts"}],"about":[{"href":"https:\/\/www.messinaoggi.it\/website\/wp-json\/wp\/v2\/types\/post"}],"author":[{"embeddable":true,"href":"https:\/\/www.messinaoggi.it\/website\/wp-json\/wp\/v2\/users\/8"}],"replies":[{"embeddable":true,"href":"https:\/\/www.messinaoggi.it\/website\/wp-json\/wp\/v2\/comments?post=27938"}],"version-history":[{"count":0,"href":"https:\/\/www.messinaoggi.it\/website\/wp-json\/wp\/v2\/posts\/27938\/revisions"}],"wp:featuredmedia":[{"embeddable":true,"href":"https:\/\/www.messinaoggi.it\/website\/wp-json\/wp\/v2\/media\/27901"}],"wp:attachment":[{"href":"https:\/\/www.messinaoggi.it\/website\/wp-json\/wp\/v2\/media?parent=27938"}],"wp:term":[{"taxonomy":"category","embeddable":true,"href":"https:\/\/www.messinaoggi.it\/website\/wp-json\/wp\/v2\/categories?post=27938"},{"taxonomy":"post_tag","embeddable":true,"href":"https:\/\/www.messinaoggi.it\/website\/wp-json\/wp\/v2\/tags?post=27938"}],"curies":[{"name":"wp","href":"https:\/\/api.w.org\/{rel}","templated":true}]}}