{"id":27915,"date":"2018-12-20T17:24:46","date_gmt":"2018-12-20T16:24:46","guid":{"rendered":"http:\/\/www.messinaoggi.it\/website\/?p=27915"},"modified":"2018-12-20T17:24:46","modified_gmt":"2018-12-20T16:24:46","slug":"laccademia-johann-kaspar-mertz-varca-i-confini-internazionali","status":"publish","type":"post","link":"https:\/\/www.messinaoggi.it\/website\/2018\/12\/20\/laccademia-johann-kaspar-mertz-varca-i-confini-internazionali\/","title":{"rendered":"L&#039;Accademia Johann Kaspar Mertz varca i confini internazionali"},"content":{"rendered":"<p>L\u2019Accademia Johann Kaspar Mertz dei Maestri Carmelo Imbesi e Carmen Zangar\u00e0 \u00a0\u00e8 ormai una realt\u00e0 consolidata nella citt\u00e0 del Longano, \u00a0una realt\u00e0 pronta \u00a0ad ampliare i suoi confini, che nel 2019 \u00a0spinger\u00e0 il territorio Barcellonese verso una nuova direzione dal respiro internazionale, ospitando i corsi Erasmus Plus ed accogliendo ben 18 studenti provenienti dal Conservatorio J\u00e1na Levoslava Bellu (Slovacchia).<br \/>\n&#8220;Una direzione che volevamo da tempo e che ha trovato nel sistema E-ProjectConsult una realt\u00e0 concreta e un eccellente team con cui poter costruire. La voglia di sviluppare un&#8217; idea che possa creare un dinamismo culturale nuovo per il mondo musicale Barcellonese \u00e8 stata sicuramente la chiave del risultato raggiunto.&#8221; &#8211; dichiara il presidente dell&#8217;Accademia.<br \/>\nPresto maggiori dettagli su questo nuovo \u00e8 importante traguardo per il nostro territorio.<br \/>\n <div id=\"div-gpt-ad-Messinaoggi.it-DSK-300x250-corpoart\" style=\"text-align:center;margin:0 auto;\"><\/div><\/p>\n<div id=\"videoincontent\" style=\"clear:both\";><\/div>","protected":false},"excerpt":{"rendered":"<p>L\u2019Accademia Johann Kaspar Mertz dei Maestri Carmelo Imbesi e Carmen Zangar\u00e0 \u00a0\u00e8 ormai una realt\u00e0 consolidata nella citt\u00e0 del Longano, \u00a0una realt\u00e0 pronta \u00a0ad ampliare i suoi confini, che nel 2019 \u00a0spinger\u00e0 il territorio Barcellonese verso una nuova direzione dal respiro internazionale, ospitando i corsi Erasmus Plus ed accogliendo ben 18 studenti provenienti dal Conservatorio [&hellip;]<\/p>\n","protected":false},"author":5,"featured_media":27916,"comment_status":"closed","ping_status":"open","sticky":false,"template":"","format":"standard","meta":{"ub_ctt_via":"","_mi_skip_tracking":false},"categories":[16],"tags":[],"featured_image_src":"https:\/\/www.messinaoggi.it\/website\/wp-content\/uploads\/2018\/12\/Erasmus-plus.jpg","author_info":{"display_name":"Maria Antonella Saia","author_link":"https:\/\/www.messinaoggi.it\/website\/author\/m-saia\/"},"digistream_id":0,"digistream":false,"_links":{"self":[{"href":"https:\/\/www.messinaoggi.it\/website\/wp-json\/wp\/v2\/posts\/27915"}],"collection":[{"href":"https:\/\/www.messinaoggi.it\/website\/wp-json\/wp\/v2\/posts"}],"about":[{"href":"https:\/\/www.messinaoggi.it\/website\/wp-json\/wp\/v2\/types\/post"}],"author":[{"embeddable":true,"href":"https:\/\/www.messinaoggi.it\/website\/wp-json\/wp\/v2\/users\/5"}],"replies":[{"embeddable":true,"href":"https:\/\/www.messinaoggi.it\/website\/wp-json\/wp\/v2\/comments?post=27915"}],"version-history":[{"count":0,"href":"https:\/\/www.messinaoggi.it\/website\/wp-json\/wp\/v2\/posts\/27915\/revisions"}],"wp:featuredmedia":[{"embeddable":true,"href":"https:\/\/www.messinaoggi.it\/website\/wp-json\/wp\/v2\/media\/27916"}],"wp:attachment":[{"href":"https:\/\/www.messinaoggi.it\/website\/wp-json\/wp\/v2\/media?parent=27915"}],"wp:term":[{"taxonomy":"category","embeddable":true,"href":"https:\/\/www.messinaoggi.it\/website\/wp-json\/wp\/v2\/categories?post=27915"},{"taxonomy":"post_tag","embeddable":true,"href":"https:\/\/www.messinaoggi.it\/website\/wp-json\/wp\/v2\/tags?post=27915"}],"curies":[{"name":"wp","href":"https:\/\/api.w.org\/{rel}","templated":true}]}}