{"id":27911,"date":"2018-12-20T15:51:19","date_gmt":"2018-12-20T14:51:19","guid":{"rendered":"http:\/\/www.messinaoggi.it\/website\/?p=27911"},"modified":"2018-12-20T15:51:19","modified_gmt":"2018-12-20T14:51:19","slug":"quando-il-privato-produce-ricchezza-sociale-presentati-i-risultati-della-franza-matacena","status":"publish","type":"post","link":"https:\/\/www.messinaoggi.it\/website\/2018\/12\/20\/quando-il-privato-produce-ricchezza-sociale-presentati-i-risultati-della-franza-matacena\/","title":{"rendered":"Quando il privato produce ricchezza sociale: presentati i risultati della &quot;Franza-Matacena&quot;"},"content":{"rendered":"<p lang=\"it-IT\" style=\"text-align: justify\"><span style=\"font-family: Arial, sans-serif\">Cinque i progetti realizzati, decine i posti di lavoro creati, svariate le persone aiutate. Sono questi in estrema sintesi i risultati conseguiti durante il primo anno di attivit\u00e0 della \u201cGiuseppe Franza-Elio Matacena\u201d, la onlus intitolata ai fondatori del Gruppo Caronte&amp;Tourist che nell&#8217;ambio dell&#8217;annualit\u00e0 passata ha stanziato ben 500 mila euro volti alla realizzazione di idee aventi ad oggetto il &#8220;lavoro come veicolo primario di promozione della dignit\u00e0 dell&#8217;uomo&#8221;. <\/span><div id=\"div-gpt-ad-Messinaoggi.it-DSK-300x250-corpoart\" style=\"text-align:center;margin:0 auto;\"><\/div><\/p>\n<p lang=\"it-IT\" style=\"text-align: justify\"><span style=\"font-family: Arial, sans-serif\">In particolare, i progetti in questione sono stati presentati nell&#8217;ambito di un incontro <span style=\"font-size: medium\">che si \u00e8 tenuto <\/span>questa mattina presso la Camera di Commercio e che h<span style=\"font-size: medium\">a visto la partecipazione dei principali esponenti della onlus e di Caronte&amp;Tourist, dei responsabili dei progetti che hanno beneficiato dei finanziamenti e del sindaco Cateno De Luca.<\/span><\/span><div id=\"videoincontent\" style=\"clear:both\";><\/div><\/p>\n<p lang=\"it-IT\" style=\"text-align: justify\"><span style=\"color: #000000\"><span style=\"font-family: Arial, sans-serif\"><span style=\"font-size: medium\">&#8220;<i>Caronte&amp;Tourist con grande lungimiranza e sensibilit\u00e0 ha deciso di investire nel terzo settore, <\/i>&#8211; ha esordito il presidente della onlus, Francesco Vermiglio &#8211;<i> destinando in tal senso cospicue risorse a quelle associazioni senza finalit\u00e0 lucrative al fine di facilitarne la loro attivit\u00e0 volta a soddisfare i bisogni della comunit\u00e0. Per questo motivo, subito dopo le festivit\u00e0 natalizie verr\u00e0 presentato un nuovo bando a cui potranno partecipare tutte quelle associazioni che saranno interessate a realizzare un&#8217;idea avente ad oggetto la cultura e la tutela dell&#8217;ambiente: qui siamo nell&#8217;ambito dei beni comuni, il cui valore \u00e8 destinato ad aumentare al crescere del numero dei visitatori<\/i>\u201d.<\/span><\/span><\/span><\/p>\n<p lang=\"it-IT\" style=\"text-align: justify\"><span style=\"color: #000000\">\u201c<span style=\"font-family: Arial, sans-serif\"><span style=\"font-size: medium\"><i>Si tratta di un&#8217;iniziativa importante che salda il rapporto tra l&#8217;imprenditoria e le associazioni senza fini di lucro, dando cos\u00ec la possibilit\u00e0 a chi fa impresa di cedere al territorio in cui opera parte della propria ricchezza a beneficio della collettivit\u00e0<\/i>\u201d, ha affermato il sindaco Cateno De Luca, che poi ha aggiunto: \u201c<i>In tale contesto quella dell&#8217;imprenditore diviene una figura sempre pi\u00f9 importante, specie in quegli ambiti in cui il pubblico non \u00e8 in grado di intervenire per via di forti limiti economici<\/i>\u201d.<\/span><\/span><\/span><\/p>\n<p lang=\"it-IT\" style=\"text-align: justify\"><span style=\"color: #000000\"><span style=\"font-family: Arial, sans-serif\"><span style=\"font-size: medium\">Qui di seguito riportiamo i cinque progetti che hanno beneficiato dei finanziamenti della onlus:<\/span><\/span><\/span><\/p>\n<ul>\n<li style=\"text-align: justify\">\n<p lang=\"it-IT\"><span style=\"color: #000000\"><span style=\"font-family: Arial, sans-serif\"><span style=\"font-size: medium\"><b>Centro diurno \u201cCarmelo Arig\u00f2\u201d &#8211; associazione \u201cNati per la vita\u201d.<\/b><\/span><\/span><\/span><span style=\"color: #000000\"><span style=\"font-family: Arial, sans-serif\"><span style=\"font-size: medium\"> Il progetto \u00e8 stato realizzato in collaborazione col dipartimento<\/span><\/span><\/span><span style=\"font-family: Arial, sans-serif\"> di Psicologia dell&#8217;Universit\u00e0 di Messina, ed \u00e8 indirizzato ai bimbi e ragazzi affetti da autismo. In particolare, nella struttura sono stati accolti pazienti che sono assistiti attraverso un percorso propedeutico alle cure previste nella fase di prima diagnosi.<\/span><\/p>\n<\/li>\n<li style=\"text-align: justify\">\n<p lang=\"it-IT\">\u201c<span style=\"font-family: Arial, sans-serif\"><b>Un mare di occasioni\u201d &#8211; cooperativa sociale S. Maria della Strada.<\/b><\/span><span style=\"font-family: Arial, sans-serif\"> L&#8217;iniziativa mira al reinserimento lavorativo di persone in grave stato di disagio economico sociale. L&#8217;obiettivo \u00e8 valorizzare le loro capacit\u00e0 personali attraverso l&#8217;avvio di concrete opportunit\u00e0 lavorative grazie all&#8217;utilizzo di alcune risorse interne alla cooperativa nell&#8217;ambito turistico-ricettivo e agro-zootecnico.<\/span><\/p>\n<\/li>\n<li style=\"text-align: justify\">\n<p lang=\"it-IT\">\u201c<span style=\"font-family: Arial, sans-serif\"><b>Villa Santa Maria\u201d &#8211; padri rogazionisti dell&#8217;istituto \u201cAntoniano\u201d. <\/b><\/span><span style=\"font-family: Arial, sans-serif\">Si tratta di una tenuta di dieci ettari ricchi di agrumeti, vitigni e uliveti. Utilizzando le potenzialit\u00e0 della struttura sono stati avviati vari percorsi formativi a favore di giovani segnalati dai servizi sociali o dallo stesso istituto \u201cAntoniano\u201d finalizzati alla successiva produzione e vendita di prodotti biologici.<\/span><\/p>\n<\/li>\n<li style=\"text-align: justify\">\n<p lang=\"it-IT\">\u201c<span style=\"font-family: Arial, sans-serif\"><b>Vida Loca\u201d &#8211; associazione Penelope.<\/b><\/span><span style=\"font-family: Arial, sans-serif\"> Tramite tale progetto si mira a incentivare l&#8217;autonomia di soggetti vittime di processi di marginalizzazione e invalidazione psichiatrica. Con la collaborazione del \u201cComitato Iniziativa Psichiatrica\u201d e della cooperativa sociale \u201cCuore Matto\u201d \u00e8 stata avviata la \u201cseparazione consensuale\u201d da ambiti familiari e sociali che risultano inadeguati e organizzati a favore di otto individui corsi di autonomia lavorativa che riducano ricadute e ricoveri.<\/span><\/p>\n<\/li>\n<li>\n<p lang=\"it-IT\" style=\"text-align: justify\">\u201c<span style=\"font-family: Arial, sans-serif\"><b>Donne operose e tessuti di speranza\u201d &#8211; associazione Zedak\u00e0.<\/b><\/span><span style=\"font-family: Arial, sans-serif\"> All&#8217;interno della casa di accoglienza \u201cReghellin\u201d, ubicata a Reggio Calabria, \u00e8 stato realizzato un laboratorio di maglieria cucito e ricamo per la produzione di articoli per neonati e primissima infanzia, biancheria per la casa e oggettistica.<\/span><\/p>\n<\/li>\n<\/ul>\n","protected":false},"excerpt":{"rendered":"<p>Cinque i progetti realizzati, decine i posti di lavoro creati, svariate le persone aiutate. Sono questi in estrema sintesi i risultati conseguiti durante il primo anno di attivit\u00e0 della \u201cGiuseppe Franza-Elio Matacena\u201d, la onlus intitolata ai fondatori del Gruppo Caronte&amp;Tourist che nell&#8217;ambio dell&#8217;annualit\u00e0 passata ha stanziato ben 500 mila euro volti alla realizzazione di idee [&hellip;]<\/p>\n","protected":false},"author":8,"featured_media":27913,"comment_status":"closed","ping_status":"open","sticky":false,"template":"","format":"standard","meta":{"ub_ctt_via":"","_mi_skip_tracking":false},"categories":[5],"tags":[],"featured_image_src":"https:\/\/www.messinaoggi.it\/website\/wp-content\/uploads\/2018\/12\/presentazione-progetti-onlus-franza-matacena.jpg","author_info":{"display_name":"red..me","author_link":"https:\/\/www.messinaoggi.it\/website\/author\/redstage\/"},"digistream_id":0,"digistream":false,"_links":{"self":[{"href":"https:\/\/www.messinaoggi.it\/website\/wp-json\/wp\/v2\/posts\/27911"}],"collection":[{"href":"https:\/\/www.messinaoggi.it\/website\/wp-json\/wp\/v2\/posts"}],"about":[{"href":"https:\/\/www.messinaoggi.it\/website\/wp-json\/wp\/v2\/types\/post"}],"author":[{"embeddable":true,"href":"https:\/\/www.messinaoggi.it\/website\/wp-json\/wp\/v2\/users\/8"}],"replies":[{"embeddable":true,"href":"https:\/\/www.messinaoggi.it\/website\/wp-json\/wp\/v2\/comments?post=27911"}],"version-history":[{"count":0,"href":"https:\/\/www.messinaoggi.it\/website\/wp-json\/wp\/v2\/posts\/27911\/revisions"}],"wp:featuredmedia":[{"embeddable":true,"href":"https:\/\/www.messinaoggi.it\/website\/wp-json\/wp\/v2\/media\/27913"}],"wp:attachment":[{"href":"https:\/\/www.messinaoggi.it\/website\/wp-json\/wp\/v2\/media?parent=27911"}],"wp:term":[{"taxonomy":"category","embeddable":true,"href":"https:\/\/www.messinaoggi.it\/website\/wp-json\/wp\/v2\/categories?post=27911"},{"taxonomy":"post_tag","embeddable":true,"href":"https:\/\/www.messinaoggi.it\/website\/wp-json\/wp\/v2\/tags?post=27911"}],"curies":[{"name":"wp","href":"https:\/\/api.w.org\/{rel}","templated":true}]}}