{"id":2789,"date":"2017-06-13T16:50:22","date_gmt":"2017-06-13T14:50:22","guid":{"rendered":"http:\/\/www.messinaoggi.it\/website\/?p=2789"},"modified":"2017-06-13T16:50:22","modified_gmt":"2017-06-13T14:50:22","slug":"il-messina-giochera-al-celeste-parola-di-accorinti","status":"publish","type":"post","link":"https:\/\/www.messinaoggi.it\/website\/2017\/06\/13\/il-messina-giochera-al-celeste-parola-di-accorinti\/","title":{"rendered":"Il Messina giocher\u00e0 al Celeste&#8230; Parola di Accorinti"},"content":{"rendered":"<p class=\"p1\"><span class=\"s1\">\u201cL\u2019Amministrazione comunale assume l\u2019impegno a completare le procedure per la concessione della durata di un anno dello stadio Giovanni Celeste, che ospiter\u00e0 le partite casalinghe della prossima stagione, purch\u00e9 vengano rispettati gli adempimenti normativi imposti dagli organi di vigilanza e controllo preposti al rilascio dell\u2019agibilit\u00e0. Tutto ci\u00f2 nelle more di una concessione pluriennale, che \u00e8 di competenza del Consiglio comunale e per la quale lo scorso 5 giugno \u00e8 stato avviato l\u2019iter con la presentazione di tutti gli allegati necessari. Auspichiamo quindi che si possa progettare un futuro in linea con la tradizione calcistica della citt\u00e0 di Messina\u201d. <\/span><div id=\"div-gpt-ad-Messinaoggi.it-DSK-300x250-corpoart\" style=\"text-align:center;margin:0 auto;\"><\/div><\/p>\n<p class=\"p1\"><span class=\"s1\">E\u2019 quanto dichiarato dal sindaco, Renato Accorinti, e dall\u2019assessore alle Politiche dello Sport, Sebastiano Pino, che oggi a Palazzo Zanca hanno incontrato il presidente dell\u2019Acr Messina, Franco Proto, accompagnato dal direttore generale, Lello Manfredi, dal responsabile dell\u2019area organizzativa, Vittorio Fiuman\u00f2, e dal capo ufficio stampa, Sergio Magazz\u00f9. In atto la documentazione presentata dai dirigenti del Messina \u00e8 oggetto di valutazione da parte degli uffici del Dipartimento Manutenzione Immobili per la parte tecnica, del Dipartimento Politiche Culturali ed Educative per la parte amministrativa, mentre l\u2019aspetto economico \u00e8 curato dal Dipartimento Servizi Finanziari.<\/span><div id=\"videoincontent\" style=\"clear:both\";><\/div><\/p>\n<p class=\"p1\"><span class=\"s1\"> Successivamente le Commissioni ottava e decima si riuniranno in seduta congiunta per esprimere il loro parere prima che la richiesta del Messina venga trasferita al Consiglio comunale, chiamato a decidere per competenza sull\u2019eventuale concessione pluriennale dello stadio Celeste.<\/span><\/p>\n","protected":false},"excerpt":{"rendered":"<p>\u201cL\u2019Amministrazione comunale assume l\u2019impegno a completare le procedure per la concessione della durata di un anno dello stadio Giovanni Celeste, che ospiter\u00e0 le partite casalinghe della prossima stagione, purch\u00e9 vengano rispettati gli adempimenti normativi imposti dagli organi di vigilanza e controllo preposti al rilascio dell\u2019agibilit\u00e0. Tutto ci\u00f2 nelle more di una concessione pluriennale, che \u00e8 [&hellip;]<\/p>\n","protected":false},"author":2,"featured_media":2781,"comment_status":"closed","ping_status":"open","sticky":false,"template":"","format":"standard","meta":{"ub_ctt_via":"","_mi_skip_tracking":false},"categories":[6,9],"tags":[],"featured_image_src":"https:\/\/www.messinaoggi.it\/website\/wp-content\/uploads\/2017\/06\/papa_4581C-1-2.jpg","author_info":{"display_name":"Redazione","author_link":"https:\/\/www.messinaoggi.it\/website\/author\/redazione\/"},"digistream_id":0,"digistream":false,"_links":{"self":[{"href":"https:\/\/www.messinaoggi.it\/website\/wp-json\/wp\/v2\/posts\/2789"}],"collection":[{"href":"https:\/\/www.messinaoggi.it\/website\/wp-json\/wp\/v2\/posts"}],"about":[{"href":"https:\/\/www.messinaoggi.it\/website\/wp-json\/wp\/v2\/types\/post"}],"author":[{"embeddable":true,"href":"https:\/\/www.messinaoggi.it\/website\/wp-json\/wp\/v2\/users\/2"}],"replies":[{"embeddable":true,"href":"https:\/\/www.messinaoggi.it\/website\/wp-json\/wp\/v2\/comments?post=2789"}],"version-history":[{"count":0,"href":"https:\/\/www.messinaoggi.it\/website\/wp-json\/wp\/v2\/posts\/2789\/revisions"}],"wp:featuredmedia":[{"embeddable":true,"href":"https:\/\/www.messinaoggi.it\/website\/wp-json\/wp\/v2\/media\/2781"}],"wp:attachment":[{"href":"https:\/\/www.messinaoggi.it\/website\/wp-json\/wp\/v2\/media?parent=2789"}],"wp:term":[{"taxonomy":"category","embeddable":true,"href":"https:\/\/www.messinaoggi.it\/website\/wp-json\/wp\/v2\/categories?post=2789"},{"taxonomy":"post_tag","embeddable":true,"href":"https:\/\/www.messinaoggi.it\/website\/wp-json\/wp\/v2\/tags?post=2789"}],"curies":[{"name":"wp","href":"https:\/\/api.w.org\/{rel}","templated":true}]}}