{"id":27840,"date":"2018-12-19T08:48:28","date_gmt":"2018-12-19T07:48:28","guid":{"rendered":"http:\/\/www.messinaoggi.it\/website\/?p=27840"},"modified":"2018-12-19T08:48:28","modified_gmt":"2018-12-19T07:48:28","slug":"ic-catalfamo-si-conclude-il-progetto-compassion-adozioni-con-la-manifestazione-di-natale","status":"publish","type":"post","link":"https:\/\/www.messinaoggi.it\/website\/2018\/12\/19\/ic-catalfamo-si-conclude-il-progetto-compassion-adozioni-con-la-manifestazione-di-natale\/","title":{"rendered":"IC Catalfamo, si conclude il progetto &quot;Compassion-Adozioni&quot; con la manifestazione di Natale"},"content":{"rendered":"<p style=\"text-align: justify;\">Domani, alle 9,15, gli alunni dell&#8217;istituto Comprensivo &#8220;G. Catalfamo&#8221;, scuola primaria e secondaria di I grado di S. Lucia sopra Contesse, presso l&#8217;Auditorium del Plesso &#8220;Case Arcobaleno&#8221; daranno luogo alla manifestazione &#8220;NATALE 2018: TRA IMPEGNO E SOLIDARIET\u00c0&#8221;.<div id=\"div-gpt-ad-Messinaoggi.it-DSK-300x250-corpoart\" style=\"text-align:center;margin:0 auto;\"><\/div><\/p>\n<p style=\"text-align: justify;\">In tale occasione si concluder\u00e0 il Progetto &#8220;COMPASSION-Adozioni&#8221; a distanza e si svolger\u00e0 la premiazione del Concorso Storico PIETRE DELLA MEMORIA.<div id=\"videoincontent\" style=\"clear:both\";><\/div><\/p>\n<div dir=\"ltr\">\n<div dir=\"ltr\" style=\"text-align: justify;\">\n<div class=\"gmail_quote\">\n<div dir=\"auto\">\n<div dir=\"auto\">Interverranno : il dott. Giuseppe Costantino responsabile Compassion centro-sud Italia e il dott. Claudio Dispenzieri presidente dell&#8217;associazione Mutilati e Invalidi di guerra sezione di Messina. A cornice dell&#8217;evento le esibizioni musicali degli alunni.<\/div>\n<\/div>\n<\/div>\n<\/div>\n<div id=\"DAB4FAD8-2DD7-40BB-A1B8-4E2AA1F9FDF2\" style=\"text-align: justify;\"><\/div>\n<\/div>\n","protected":false},"excerpt":{"rendered":"<p>Domani, alle 9,15, gli alunni dell&#8217;istituto Comprensivo &#8220;G. Catalfamo&#8221;, scuola primaria e secondaria di I grado di S. Lucia sopra Contesse, presso l&#8217;Auditorium del Plesso &#8220;Case Arcobaleno&#8221; daranno luogo alla manifestazione &#8220;NATALE 2018: TRA IMPEGNO E SOLIDARIET\u00c0&#8221;. In tale occasione si concluder\u00e0 il Progetto &#8220;COMPASSION-Adozioni&#8221; a distanza e si svolger\u00e0 la premiazione del Concorso Storico [&hellip;]<\/p>\n","protected":false},"author":2,"featured_media":4121,"comment_status":"closed","ping_status":"open","sticky":false,"template":"","format":"standard","meta":{"ub_ctt_via":"","_mi_skip_tracking":false},"categories":[7],"tags":[],"featured_image_src":"https:\/\/www.messinaoggi.it\/website\/wp-content\/uploads\/2017\/07\/Scuola-banchi-lavagna-mb-2.png","author_info":{"display_name":"Redazione","author_link":"https:\/\/www.messinaoggi.it\/website\/author\/redazione\/"},"digistream_id":0,"digistream":false,"_links":{"self":[{"href":"https:\/\/www.messinaoggi.it\/website\/wp-json\/wp\/v2\/posts\/27840"}],"collection":[{"href":"https:\/\/www.messinaoggi.it\/website\/wp-json\/wp\/v2\/posts"}],"about":[{"href":"https:\/\/www.messinaoggi.it\/website\/wp-json\/wp\/v2\/types\/post"}],"author":[{"embeddable":true,"href":"https:\/\/www.messinaoggi.it\/website\/wp-json\/wp\/v2\/users\/2"}],"replies":[{"embeddable":true,"href":"https:\/\/www.messinaoggi.it\/website\/wp-json\/wp\/v2\/comments?post=27840"}],"version-history":[{"count":0,"href":"https:\/\/www.messinaoggi.it\/website\/wp-json\/wp\/v2\/posts\/27840\/revisions"}],"wp:featuredmedia":[{"embeddable":true,"href":"https:\/\/www.messinaoggi.it\/website\/wp-json\/wp\/v2\/media\/4121"}],"wp:attachment":[{"href":"https:\/\/www.messinaoggi.it\/website\/wp-json\/wp\/v2\/media?parent=27840"}],"wp:term":[{"taxonomy":"category","embeddable":true,"href":"https:\/\/www.messinaoggi.it\/website\/wp-json\/wp\/v2\/categories?post=27840"},{"taxonomy":"post_tag","embeddable":true,"href":"https:\/\/www.messinaoggi.it\/website\/wp-json\/wp\/v2\/tags?post=27840"}],"curies":[{"name":"wp","href":"https:\/\/api.w.org\/{rel}","templated":true}]}}