{"id":27835,"date":"2018-12-19T07:10:25","date_gmt":"2018-12-19T06:10:25","guid":{"rendered":"http:\/\/www.messinaoggi.it\/website\/?p=27835"},"modified":"2018-12-19T07:10:25","modified_gmt":"2018-12-19T06:10:25","slug":"carontetourist-meeting-dei-dipendenti-sulla-nuova-ammiraglia-elio","status":"publish","type":"post","link":"https:\/\/www.messinaoggi.it\/website\/2018\/12\/19\/carontetourist-meeting-dei-dipendenti-sulla-nuova-ammiraglia-elio\/","title":{"rendered":"Caronte&#038;Tourist: &quot;Meeting dei dipendenti&quot; sulla nuova ammiraglia &quot;Elio&quot;"},"content":{"rendered":"<p lang=\"it-IT\" style=\"text-align: justify\" align=\"JUSTIFY\"><span style=\"color: #000000\"><span style=\"font-family: Arial, sans-serif\">\u00c8 iniziato con uno scroscio di applausi il secondo meeting dei dipendenti del Gruppo Caronte &amp; Tourist svoltosi ieri pomeriggio, che quest&#8217;anno si \u00e8 tenuto a bordo della &#8220;Elio&#8221;, la nuova ammiraglia della compagnia di navigazione nota soprattutto per il suo essere eco-friendly: &#8220;Questa nave \u2013 ha affermato il direttore generale Calogero Famiani \u2013 \u00e8 importante perch\u00e9 arriva proprio nel momento in cui \u00e8 in fase di realizzazione il grande porto di Tremestieri, che tra qualche anno rappresenter\u00e0 l&#8217;unico approdo per tutti gli operatori dello Stretto di Messina, noi compresi. In tale nuovo contesto diviene dunque sempre pi\u00f9 importante puntare sul servizio per poter fidelizzare il cliente, motivo per cui abbiamo deciso di investire tanto in un mezzo bello e confortevole come questo, ma non solo: abbiamo puntato altres\u00ec sulla preparazione professionale del nostro personale affinch\u00e9 risulti essere il pi\u00f9 accogliente possibile&#8221;.<\/span><\/span><div id=\"div-gpt-ad-Messinaoggi.it-DSK-300x250-corpoart\" style=\"text-align:center;margin:0 auto;\"><\/div><\/p>\n<p lang=\"it-IT\" style=\"text-align: justify\" align=\"JUSTIFY\"><span style=\"color: #000000\"><span style=\"font-family: Arial, sans-serif\">Presenti all&#8217;incontro anche il presidente Antonino Repaci, il presidente vicario Olga Mondello Franza, il presidente e il vice presidente del settore Isole minori, rispettivamente Vincenzo Franza e Lorenzo Matacena.<\/span><\/span><div id=\"videoincontent\" style=\"clear:both\";><\/div><\/p>\n<p lang=\"it-IT\" align=\"JUSTIFY\"><a href=\"http:\/\/www.messinaoggi.it\/website\/wp-content\/uploads\/2018\/12\/secondo-meeting-dei-dipendenti-caronte-tourist.jpg\"><img loading=\"lazy\" class=\"wp-image-27836 aligncenter\" src=\"http:\/\/www.messinaoggi.it\/website\/wp-content\/uploads\/2018\/12\/secondo-meeting-dei-dipendenti-caronte-tourist.jpg\" alt=\"\" width=\"588\" height=\"223\" \/><\/a><\/p>\n<p lang=\"it-IT\" style=\"text-align: justify\" align=\"JUSTIFY\"><span style=\"color: #000000\"><span style=\"font-family: Arial, sans-serif\">Ha preso poi la parola Vincenzo Franza, che si \u00e8 focalizzato sui piani futuri della societ\u00e0 con riferimento al settore Isole minori: &#8220;Stiamo lavorando affinch\u00e9 anche il settore Isole minori possa attenersi appieno agli standard qualitativi precedentemente descritti. Questo perch\u00e9 anche in tale caso il mercato risulta essere altamente competitivo, motivo per cui per conquistare il cliente bisogna far leva soprattutto sulla qualit\u00e0 del servizio. In tal senso, abbiamo in programma la costruzione di nuove navi che saranno delle &#8220;Elio&#8221; adattate per le isole della Sicilia, nonch\u00e9 stiamo lavorando per migliorare l&#8217;accoglienza del nostro personale&#8221;.<\/span><\/span><\/p>\n<p style=\"text-align: justify\" align=\"JUSTIFY\"><span style=\"color: #000000\"><span style=\"font-family: Arial, sans-serif\"><span lang=\"it-IT\">&#8220;A<\/span><\/span><span style=\"font-family: Arial, sans-serif\"><span lang=\"it-IT\">bbiamo molto a cuore la riduzione delle sostanze inquinanti affinch\u00e9 possano essere tutelate le generazioni future.<\/span><\/span><span style=\"font-family: Arial, sans-serif\"><span lang=\"it-IT\"> \u2013 ha esordito Lorenzo Matacena \u2013 <\/span><\/span><span style=\"font-family: Arial, sans-serif\"><span lang=\"it-IT\">In tal senso, abbiamo l&#8217;ambizioso obiettivo di utilizzare nelle nostre navi il biometano <\/span><\/span><span style=\"font-family: Arial, sans-serif\"><span lang=\"it-IT\">(un gas ottenuto dalla fermentazione batterica in assenza di ossigeno dei residui vegetali o animali, ndr)<\/span><\/span><span style=\"font-family: Arial, sans-serif\"><span lang=\"it-IT\">, in quanto ci consentirebbe di ridurre l&#8217;anidrite carbonica del cento per cento, rendendoci cos\u00ec la societ\u00e0 meno aggressiva nei confronti dell&#8217;ambiente<\/span><\/span><span style=\"font-family: Arial, sans-serif\"><span lang=\"it-IT\">&#8220;.<\/span><\/span><\/span><\/p>\n<p style=\"text-align: justify\" align=\"JUSTIFY\"><span style=\"color: #000000\"><span style=\"font-family: Arial, sans-serif\"><span lang=\"it-IT\">\u00c8 stata infine la volta di Antonino Repaci, che ha voluto ricordare ai presenti lo spessore di quella figura il cui nome \u00e8 stato utilizzato per battezzare la nuova nave della compagnia di navigazione: stiamo parlando di Elio Matacena, uno dei due fondatori del Gruppo Caronte &amp; Tourist. &#8220;<\/span><span lang=\"it-IT\">\u00c8 stato il mio maestro<\/span><span lang=\"it-IT\">&#8220;, ha affermato al riguardo, facendo scattare immediatamente un sentito applauso da parte di tutti i dipendenti presenti.<\/span><\/span><\/span><\/p>\n","protected":false},"excerpt":{"rendered":"<p>\u00c8 iniziato con uno scroscio di applausi il secondo meeting dei dipendenti del Gruppo Caronte &amp; Tourist svoltosi ieri pomeriggio, che quest&#8217;anno si \u00e8 tenuto a bordo della &#8220;Elio&#8221;, la nuova ammiraglia della compagnia di navigazione nota soprattutto per il suo essere eco-friendly: &#8220;Questa nave \u2013 ha affermato il direttore generale Calogero Famiani \u2013 \u00e8 [&hellip;]<\/p>\n","protected":false},"author":10,"featured_media":27838,"comment_status":"closed","ping_status":"open","sticky":false,"template":"","format":"standard","meta":{"ub_ctt_via":"","_mi_skip_tracking":false},"categories":[5],"tags":[],"featured_image_src":"https:\/\/www.messinaoggi.it\/website\/wp-content\/uploads\/2018\/12\/secondo-meeting-dei-dipendenti-caronte-tourist-2.jpg","author_info":{"display_name":"Paolo Mustica","author_link":"https:\/\/www.messinaoggi.it\/website\/author\/p-mustica\/"},"digistream_id":0,"digistream":false,"_links":{"self":[{"href":"https:\/\/www.messinaoggi.it\/website\/wp-json\/wp\/v2\/posts\/27835"}],"collection":[{"href":"https:\/\/www.messinaoggi.it\/website\/wp-json\/wp\/v2\/posts"}],"about":[{"href":"https:\/\/www.messinaoggi.it\/website\/wp-json\/wp\/v2\/types\/post"}],"author":[{"embeddable":true,"href":"https:\/\/www.messinaoggi.it\/website\/wp-json\/wp\/v2\/users\/10"}],"replies":[{"embeddable":true,"href":"https:\/\/www.messinaoggi.it\/website\/wp-json\/wp\/v2\/comments?post=27835"}],"version-history":[{"count":0,"href":"https:\/\/www.messinaoggi.it\/website\/wp-json\/wp\/v2\/posts\/27835\/revisions"}],"wp:featuredmedia":[{"embeddable":true,"href":"https:\/\/www.messinaoggi.it\/website\/wp-json\/wp\/v2\/media\/27838"}],"wp:attachment":[{"href":"https:\/\/www.messinaoggi.it\/website\/wp-json\/wp\/v2\/media?parent=27835"}],"wp:term":[{"taxonomy":"category","embeddable":true,"href":"https:\/\/www.messinaoggi.it\/website\/wp-json\/wp\/v2\/categories?post=27835"},{"taxonomy":"post_tag","embeddable":true,"href":"https:\/\/www.messinaoggi.it\/website\/wp-json\/wp\/v2\/tags?post=27835"}],"curies":[{"name":"wp","href":"https:\/\/api.w.org\/{rel}","templated":true}]}}