{"id":27707,"date":"2018-12-15T08:15:22","date_gmt":"2018-12-15T07:15:22","guid":{"rendered":"http:\/\/www.messinaoggi.it\/website\/?p=27707"},"modified":"2018-12-15T08:15:22","modified_gmt":"2018-12-15T07:15:22","slug":"prevenzione-vigili-del-fuoco-e-capitaneria-di-porto-svolgono-esercitazione-congiunta","status":"publish","type":"post","link":"https:\/\/www.messinaoggi.it\/website\/2018\/12\/15\/prevenzione-vigili-del-fuoco-e-capitaneria-di-porto-svolgono-esercitazione-congiunta\/","title":{"rendered":"Prevenzione, vigili del fuoco e capitaneria di porto svolgono esercitazione congiunta"},"content":{"rendered":"<p><span style=\"font-family: Arial, sans-serif\"><span style=\"font-size: medium\">Testare l\u2019adeguatezza della pianificazione e organizzazione antincendio portuale. \u00c8 questo il fine dell&#8217;esercitazione che si \u00e8 tenuta gioved\u00ec scorso presso il porto di Messina, durante la quale vi hanno preso parte capitaneria di porto e personale operativo dei vigili del fuoco (portuale e terrestre) del comando di Messina. Durante l&#8217;esercitazione, oltre ai mezzi nautici della capitaneria di porto, sono stati impiegati altres\u00ec i mezzi nautici dei vigili (MBP M03 motobarca pompa) e terrestri (APS autopompa serbatoio e CA\/pk-up Bosch).<\/span><\/span><br \/>\n<span style=\"font-family: Arial, sans-serif\"><span style=\"font-size: medium\">Gli esiti dell\u2019esercitazione sono stati soddisfacenti e le attivit\u00e0 di soccorso, svolte sinergicamente tra le forze istituzionali, hanno consentito sia di fronteggiare l\u2019incendio a bordo di un rimorchiatore (innesco generato da operazioni tecniche con uso di fiamme libere), sia di trarre in salvo un ferito all\u2019interno del natante, a cura degli operatori dei vigili del fuoco che lo hanno consegnato al Servizio 118.<\/span><\/span><br \/>\n<a href=\"http:\/\/www.messinaoggi.it\/website\/wp-content\/uploads\/2018\/12\/esercitazione-vigili-del-fuoco-capitaneria-di-porto-4.jpg\"><img loading=\"lazy\" class=\"alignnone size-full wp-image-27711\" src=\"http:\/\/www.messinaoggi.it\/website\/wp-content\/uploads\/2018\/12\/esercitazione-vigili-del-fuoco-capitaneria-di-porto-4.jpg\" alt=\"\" width=\"640\" height=\"480\" \/><\/a><br \/>\n<a name=\"_GoBack1\"><\/a><span style=\"font-family: Arial, sans-serif\"><span style=\"font-size: medium\">Le operazioni di coordinamento soccorso sono state effettuate dai rispettivi comandanti della capitaneria e dei vigili del fuoco di Messina. <\/span><\/span><div id=\"div-gpt-ad-Messinaoggi.it-DSK-300x250-corpoart\" style=\"text-align:center;margin:0 auto;\"><\/div><\/p>\n<div id=\"videoincontent\" style=\"clear:both\";><\/div>","protected":false},"excerpt":{"rendered":"<p>Testare l\u2019adeguatezza della pianificazione e organizzazione antincendio portuale. \u00c8 questo il fine dell&#8217;esercitazione che si \u00e8 tenuta gioved\u00ec scorso presso il porto di Messina, durante la quale vi hanno preso parte capitaneria di porto e personale operativo dei vigili del fuoco (portuale e terrestre) del comando di Messina. Durante l&#8217;esercitazione, oltre ai mezzi nautici della [&hellip;]<\/p>\n","protected":false},"author":8,"featured_media":27708,"comment_status":"closed","ping_status":"open","sticky":false,"template":"","format":"standard","meta":{"ub_ctt_via":"","_mi_skip_tracking":false},"categories":[5],"tags":[],"featured_image_src":"https:\/\/www.messinaoggi.it\/website\/wp-content\/uploads\/2018\/12\/esercitazione-vigili-del-fuoco-capitaneria-di-porto-1.jpg","author_info":{"display_name":"red..me","author_link":"https:\/\/www.messinaoggi.it\/website\/author\/redstage\/"},"digistream_id":0,"digistream":false,"_links":{"self":[{"href":"https:\/\/www.messinaoggi.it\/website\/wp-json\/wp\/v2\/posts\/27707"}],"collection":[{"href":"https:\/\/www.messinaoggi.it\/website\/wp-json\/wp\/v2\/posts"}],"about":[{"href":"https:\/\/www.messinaoggi.it\/website\/wp-json\/wp\/v2\/types\/post"}],"author":[{"embeddable":true,"href":"https:\/\/www.messinaoggi.it\/website\/wp-json\/wp\/v2\/users\/8"}],"replies":[{"embeddable":true,"href":"https:\/\/www.messinaoggi.it\/website\/wp-json\/wp\/v2\/comments?post=27707"}],"version-history":[{"count":0,"href":"https:\/\/www.messinaoggi.it\/website\/wp-json\/wp\/v2\/posts\/27707\/revisions"}],"wp:featuredmedia":[{"embeddable":true,"href":"https:\/\/www.messinaoggi.it\/website\/wp-json\/wp\/v2\/media\/27708"}],"wp:attachment":[{"href":"https:\/\/www.messinaoggi.it\/website\/wp-json\/wp\/v2\/media?parent=27707"}],"wp:term":[{"taxonomy":"category","embeddable":true,"href":"https:\/\/www.messinaoggi.it\/website\/wp-json\/wp\/v2\/categories?post=27707"},{"taxonomy":"post_tag","embeddable":true,"href":"https:\/\/www.messinaoggi.it\/website\/wp-json\/wp\/v2\/tags?post=27707"}],"curies":[{"name":"wp","href":"https:\/\/api.w.org\/{rel}","templated":true}]}}