{"id":27692,"date":"2018-12-14T14:58:35","date_gmt":"2018-12-14T13:58:35","guid":{"rendered":"http:\/\/www.messinaoggi.it\/website\/?p=27692"},"modified":"2018-12-14T14:58:35","modified_gmt":"2018-12-14T13:58:35","slug":"li-t-t-majorana-di-milazzo-entra-nellera-digitale","status":"publish","type":"post","link":"https:\/\/www.messinaoggi.it\/website\/2018\/12\/14\/li-t-t-majorana-di-milazzo-entra-nellera-digitale\/","title":{"rendered":"L&#039;ITT Majorana di Milazzo entra nell&#039;era digitale"},"content":{"rendered":"<p>Nell\u2019ambito del rinnovamento della didattica digitale\/innovativa e in funzione dell\u2019attivazione del percorso di diploma quadriennale in informatica e telecomunicazioni, di fatto, l\u2019unico concesso dal Miur nella provincia di Messina, l\u2019ITT Majorana di Milazzo \u00e8 \u00a0entrata \u00a0nell\u2019era digitale \u00a0con la realizzazione, in collaborazione con Raffineria di Milazzo e con Apple, \u00a0di una \u201cFuture classe room\u201d; ovvero, un\u2019aula ad alta tecnologia, munita di 30 ipad concessi in comodato d\u2019uso a ciascun allievo per interagire con il docente e per fruire di un cloud di condivisione con il mondo esterno. A tal riguardo a partire\u00a0 da domani e e per quattro ulteriori appuntamenti pomeridiani ( 12, 19 e 26 gennaio ), l\u2019ITT Majorana di Milazzo aprir\u00e0 le porte ai genitori ed agli alunni delle terze medie che vorranno visitare la scuola in vista delle imminenti iscrizioni alla scuola superiore.<br \/>\nE\u2019 di questi giorni, inoltre, la notizia che all\u2019istituto tecnologico mamertino \u00e8 stato concesso un finanziamento di 100 mila euro per la realizzazione di un ambiente digitale all\u2019interno del quale si attiver\u00e0 un Fab-Lab aperto a giovani del territorio e fruibile dagli allievi e dai giovani diplomati della scuola milazzese.<br \/>\n\u201cL\u2019obiettivo \u2013 spiega il dirigente scolastico Stello Vadal\u00e0 \u2013 \u00e8 quello di dare agli studenti di elevato potenziale che saranno iscritti a questo corso una offerta formativa ancora pi\u00f9 qualificata innovando la didattica attraverso nuovi modelli di apprendimento quali webinar e modalit\u00e0 di lezioni e-learning\u201d.<br \/>\nQueste le basi di un\u2019istruzione sempre\u00a0 pi\u00f9 digitale\u00a0 per creare il team manager del domani.<br \/>\n <div id=\"div-gpt-ad-Messinaoggi.it-DSK-300x250-corpoart\" style=\"text-align:center;margin:0 auto;\"><\/div><\/p>\n<div id=\"videoincontent\" style=\"clear:both\";><\/div>","protected":false},"excerpt":{"rendered":"<p>Nell\u2019ambito del rinnovamento della didattica digitale\/innovativa e in funzione dell\u2019attivazione del percorso di diploma quadriennale in informatica e telecomunicazioni, di fatto, l\u2019unico concesso dal Miur nella provincia di Messina, l\u2019ITT Majorana di Milazzo \u00e8 \u00a0entrata \u00a0nell\u2019era digitale \u00a0con la realizzazione, in collaborazione con Raffineria di Milazzo e con Apple, \u00a0di una \u201cFuture classe room\u201d; ovvero, [&hellip;]<\/p>\n","protected":false},"author":5,"featured_media":27693,"comment_status":"closed","ping_status":"open","sticky":false,"template":"","format":"standard","meta":{"ub_ctt_via":"","_mi_skip_tracking":false},"categories":[7],"tags":[],"featured_image_src":"https:\/\/www.messinaoggi.it\/website\/wp-content\/uploads\/2018\/12\/ITT-Majorana.jpg","author_info":{"display_name":"Maria Antonella Saia","author_link":"https:\/\/www.messinaoggi.it\/website\/author\/m-saia\/"},"digistream_id":0,"digistream":false,"_links":{"self":[{"href":"https:\/\/www.messinaoggi.it\/website\/wp-json\/wp\/v2\/posts\/27692"}],"collection":[{"href":"https:\/\/www.messinaoggi.it\/website\/wp-json\/wp\/v2\/posts"}],"about":[{"href":"https:\/\/www.messinaoggi.it\/website\/wp-json\/wp\/v2\/types\/post"}],"author":[{"embeddable":true,"href":"https:\/\/www.messinaoggi.it\/website\/wp-json\/wp\/v2\/users\/5"}],"replies":[{"embeddable":true,"href":"https:\/\/www.messinaoggi.it\/website\/wp-json\/wp\/v2\/comments?post=27692"}],"version-history":[{"count":0,"href":"https:\/\/www.messinaoggi.it\/website\/wp-json\/wp\/v2\/posts\/27692\/revisions"}],"wp:featuredmedia":[{"embeddable":true,"href":"https:\/\/www.messinaoggi.it\/website\/wp-json\/wp\/v2\/media\/27693"}],"wp:attachment":[{"href":"https:\/\/www.messinaoggi.it\/website\/wp-json\/wp\/v2\/media?parent=27692"}],"wp:term":[{"taxonomy":"category","embeddable":true,"href":"https:\/\/www.messinaoggi.it\/website\/wp-json\/wp\/v2\/categories?post=27692"},{"taxonomy":"post_tag","embeddable":true,"href":"https:\/\/www.messinaoggi.it\/website\/wp-json\/wp\/v2\/tags?post=27692"}],"curies":[{"name":"wp","href":"https:\/\/api.w.org\/{rel}","templated":true}]}}