{"id":27689,"date":"2018-12-14T15:00:41","date_gmt":"2018-12-14T14:00:41","guid":{"rendered":"http:\/\/www.messinaoggi.it\/website\/?p=27689"},"modified":"2018-12-14T15:00:41","modified_gmt":"2018-12-14T14:00:41","slug":"uilca-i-messinesi-ricciardo-e-dottore-eletti-nel-consiglio-di-coordinamento-nazionale-unicredit","status":"publish","type":"post","link":"https:\/\/www.messinaoggi.it\/website\/2018\/12\/14\/uilca-i-messinesi-ricciardo-e-dottore-eletti-nel-consiglio-di-coordinamento-nazionale-unicredit\/","title":{"rendered":"Uilca, i messinesi Ricciardo e Dottore eletti nel Consiglio di coordinamento nazionale Unicredit"},"content":{"rendered":"<p><span style=\"font-family: Arial, sans-serif\">Sono ben due i messinesi che sono stati eletti in organi Uilca (<\/span><span style=\"color: #000000\"><span style=\"font-family: Arial, sans-serif\">il <\/span><\/span><span style=\"color: #000000\"><span style=\"font-family: Arial, sans-serif\"><span style=\"font-size: medium\">sindacato dei lavoratori operanti nei settori del credito, esattorie e assicurazioni che fa capo alla Uil, ndr<\/span><\/span><\/span><span style=\"font-family: Arial, sans-serif\">) riconducibili al gruppo Unicredit. Stiamo parlando in particolare di Emilio Ricciardo, attuale Sindaco del comune di Alcara li Fusi che \u00e8 stato eletto nel Consiglio di coordinamento nazionale Uilca del Gruppo Unicredit; e di Ettore Dottore, collaudato dirigente della Uilca che \u00e8 stato nominato nel Consiglio di coordinamento nazionale Uilca di Banca Unicredit.<\/span><br \/>\n<span style=\"font-family: Arial, sans-serif\">La meritata nomina \u00e8 giunta al termine dell\u2019Assemblea congressuale della Uilca Gruppo Unicredit che, nei giorni scorsi, si \u00e8 svolta presso l\u2019Hotel Ambasciatori di Rimini. Dottore \u00e8 un dirigente della Uilca di primo piano ed \u00e8 componente del Comitato regionale del proselitismo della Uilca Sicilia, mentre Emilio Ricciardo nei prossimi giorni si insedier\u00e0 nel coordinamento ristretto R.L.S. del Gruppo Unicredit. Entrambi hanno evidenziato come i nuovi incarichi potranno essere un ulteriore strumento per affrontare le istanze e i bisogni delle lavoratrici e dei lavoratori del settore bancario, assicurativo ed esattoriale.<\/span><br \/>\n<span style=\"font-family: Arial, sans-serif\">Il segretario generale della Uil Messina Ivan Tripodi nel congratularsi con i due dirigenti sindacali per l\u2019importante riconoscimento ottenuto, ha evidenziato come le importanti nomine rappresentino un tangibile ed inequivocabile riconoscimento e premio per il lavoro politico-organizzativo svolto da Ricciardo, Dottore e, pi\u00f9 in generale, dalla Uilca nel nostro territorio, che \u00e8 sempre pi\u00f9 un punto di riferimento dei lavoratori del settore.<\/span><div id=\"div-gpt-ad-Messinaoggi.it-DSK-300x250-corpoart\" style=\"text-align:center;margin:0 auto;\"><\/div><\/p>\n<div id=\"videoincontent\" style=\"clear:both\";><\/div>","protected":false},"excerpt":{"rendered":"<p>Sono ben due i messinesi che sono stati eletti in organi Uilca (il sindacato dei lavoratori operanti nei settori del credito, esattorie e assicurazioni che fa capo alla Uil, ndr) riconducibili al gruppo Unicredit. Stiamo parlando in particolare di Emilio Ricciardo, attuale Sindaco del comune di Alcara li Fusi che \u00e8 stato eletto nel Consiglio [&hellip;]<\/p>\n","protected":false},"author":8,"featured_media":27690,"comment_status":"closed","ping_status":"open","sticky":false,"template":"","format":"standard","meta":{"ub_ctt_via":"","_mi_skip_tracking":false},"categories":[5],"tags":[],"featured_image_src":"https:\/\/www.messinaoggi.it\/website\/wp-content\/uploads\/2018\/12\/logo-uilca.png","author_info":{"display_name":"red..me","author_link":"https:\/\/www.messinaoggi.it\/website\/author\/redstage\/"},"digistream_id":0,"digistream":false,"_links":{"self":[{"href":"https:\/\/www.messinaoggi.it\/website\/wp-json\/wp\/v2\/posts\/27689"}],"collection":[{"href":"https:\/\/www.messinaoggi.it\/website\/wp-json\/wp\/v2\/posts"}],"about":[{"href":"https:\/\/www.messinaoggi.it\/website\/wp-json\/wp\/v2\/types\/post"}],"author":[{"embeddable":true,"href":"https:\/\/www.messinaoggi.it\/website\/wp-json\/wp\/v2\/users\/8"}],"replies":[{"embeddable":true,"href":"https:\/\/www.messinaoggi.it\/website\/wp-json\/wp\/v2\/comments?post=27689"}],"version-history":[{"count":0,"href":"https:\/\/www.messinaoggi.it\/website\/wp-json\/wp\/v2\/posts\/27689\/revisions"}],"wp:featuredmedia":[{"embeddable":true,"href":"https:\/\/www.messinaoggi.it\/website\/wp-json\/wp\/v2\/media\/27690"}],"wp:attachment":[{"href":"https:\/\/www.messinaoggi.it\/website\/wp-json\/wp\/v2\/media?parent=27689"}],"wp:term":[{"taxonomy":"category","embeddable":true,"href":"https:\/\/www.messinaoggi.it\/website\/wp-json\/wp\/v2\/categories?post=27689"},{"taxonomy":"post_tag","embeddable":true,"href":"https:\/\/www.messinaoggi.it\/website\/wp-json\/wp\/v2\/tags?post=27689"}],"curies":[{"name":"wp","href":"https:\/\/api.w.org\/{rel}","templated":true}]}}