{"id":2767,"date":"2017-06-13T07:30:10","date_gmt":"2017-06-13T05:30:10","guid":{"rendered":"http:\/\/www.messinaoggi.it\/website\/?p=2767"},"modified":"2017-06-13T07:30:10","modified_gmt":"2017-06-13T05:30:10","slug":"appello-della-curva-sud-il-messina-e-un-simbolo-ha-bisogno-di-tutti","status":"publish","type":"post","link":"https:\/\/www.messinaoggi.it\/website\/2017\/06\/13\/appello-della-curva-sud-il-messina-e-un-simbolo-ha-bisogno-di-tutti\/","title":{"rendered":"Appello della Curva Sud: &quot;Il Messina \u00e8 un simbolo, ha bisogno di tutti&quot;"},"content":{"rendered":"<p>Finito il campionato di Lega Pro \u00e8 tempo di programmare la prossima stagione, ma a Messina non tira una bella aria ed il clima d&#8217;incertezza agita la tifoseria. Ed allora scende in campo la Curva Sud e lo fa con una lettera inviata anche agli organi di stampa: &#8220;La squadra di calcio della citt\u00e0 appartiene a tutti. Non \u00e8 dei presidenti e dei dirigenti di turno. Loro\u00a0<a class=\"matchTooltip\">oggi<\/a>\u00a0ci sono,\u00a0<a class=\"matchTooltip\">domani<\/a>\u00a0non so sa. Ci\u00f2 che resta per noi tifosi \u00e8 il Messina.<br \/>\nL\u2019unica cosa che ci interessa \u00e8 il bene della biancoscudata. E in questo momento cos\u00ec difficile per il futuro dell\u2019Acr Messina, con l\u2019iscrizione a rischio al prossimo campionato, auspichiamo che tutte le forze sane diano una mano per scongiurare quest\u2019ennesima iattura in citt\u00e0.<br \/>\nCi rivolgiamo, con il massimo rispetto, a tutti gli imprenditori, artigiani, commercianti, liberi professionisti che hanno la possibilit\u00e0 di dare un contributo in base alla propria disponibilit\u00e0 finanziaria.<br \/>\nNoi tifosi, pi\u00f9 o meno incalliti, pi\u00f9 o meno \u201cpazzi\u201d per il nostro Messina, stiamo facendo il nostro dovere con la corsa agli abbonamenti.<br \/>\nUn gesto d\u2019amore a scatola chiusa. Senza esitazione, per salvare un patrimonio che appartiene alla citt\u00e0. Perch\u00e9 il Messina non \u00e8 solo una squadra di calcio, ma un simbolo, un momento di aggregazione, una delle poche bandiere rimaste di questa martoriata citt\u00e0.<br \/>\n<a class=\"matchTooltip\">Oggi<\/a>\u00a0non \u00e8 pi\u00f9 il tempo delle polemiche, delle chiacchiere, degli alibi. Serve una presa di coscienza forte.\u00a0<a class=\"matchTooltip\">Oggi<\/a>\u00a0il Messina rischia di scomparire e ha bisogno di tutti.<br \/>\nChi dar\u00e0 una mano concreta non far\u00e0 un favore al presidente Proto o al suo entourage, ma aiuter\u00e0 solo il Messina. La squadra di calcio della propria citt\u00e0. Chi non lo far\u00e0 dovr\u00e0 mettersi una mano sulla coscienza. Perch\u00e9 se il Messina morir\u00e0 la colpa sar\u00e0 di tutti. Nessuno escluso&#8221;.<div id=\"div-gpt-ad-Messinaoggi.it-DSK-300x250-corpoart\" style=\"text-align:center;margin:0 auto;\"><\/div><\/p>\n<div id=\"videoincontent\" style=\"clear:both\";><\/div>","protected":false},"excerpt":{"rendered":"<p>Finito il campionato di Lega Pro \u00e8 tempo di programmare la prossima stagione, ma a Messina non tira una bella aria ed il clima d&#8217;incertezza agita la tifoseria. Ed allora scende in campo la Curva Sud e lo fa con una lettera inviata anche agli organi di stampa: &#8220;La squadra di calcio della citt\u00e0 appartiene [&hellip;]<\/p>\n","protected":false},"author":4,"featured_media":1171,"comment_status":"closed","ping_status":"open","sticky":false,"template":"","format":"standard","meta":{"ub_ctt_via":"","_mi_skip_tracking":false},"categories":[8,10],"tags":[],"featured_image_src":"https:\/\/www.messinaoggi.it\/website\/wp-content\/uploads\/2017\/06\/2541IS7_5568tifosime-2.jpg","author_info":{"display_name":"redme","author_link":"https:\/\/www.messinaoggi.it\/website\/author\/redme\/"},"digistream_id":0,"digistream":false,"_links":{"self":[{"href":"https:\/\/www.messinaoggi.it\/website\/wp-json\/wp\/v2\/posts\/2767"}],"collection":[{"href":"https:\/\/www.messinaoggi.it\/website\/wp-json\/wp\/v2\/posts"}],"about":[{"href":"https:\/\/www.messinaoggi.it\/website\/wp-json\/wp\/v2\/types\/post"}],"author":[{"embeddable":true,"href":"https:\/\/www.messinaoggi.it\/website\/wp-json\/wp\/v2\/users\/4"}],"replies":[{"embeddable":true,"href":"https:\/\/www.messinaoggi.it\/website\/wp-json\/wp\/v2\/comments?post=2767"}],"version-history":[{"count":0,"href":"https:\/\/www.messinaoggi.it\/website\/wp-json\/wp\/v2\/posts\/2767\/revisions"}],"wp:featuredmedia":[{"embeddable":true,"href":"https:\/\/www.messinaoggi.it\/website\/wp-json\/wp\/v2\/media\/1171"}],"wp:attachment":[{"href":"https:\/\/www.messinaoggi.it\/website\/wp-json\/wp\/v2\/media?parent=2767"}],"wp:term":[{"taxonomy":"category","embeddable":true,"href":"https:\/\/www.messinaoggi.it\/website\/wp-json\/wp\/v2\/categories?post=2767"},{"taxonomy":"post_tag","embeddable":true,"href":"https:\/\/www.messinaoggi.it\/website\/wp-json\/wp\/v2\/tags?post=2767"}],"curies":[{"name":"wp","href":"https:\/\/api.w.org\/{rel}","templated":true}]}}