{"id":27545,"date":"2018-12-09T00:33:09","date_gmt":"2018-12-08T23:33:09","guid":{"rendered":"http:\/\/www.messinaoggi.it\/website\/?p=27545"},"modified":"2018-12-09T00:33:09","modified_gmt":"2018-12-08T23:33:09","slug":"albalux-illumina-il-natale-dei-messinesi","status":"publish","type":"post","link":"https:\/\/www.messinaoggi.it\/website\/2018\/12\/09\/albalux-illumina-il-natale-dei-messinesi\/","title":{"rendered":"Albalux &quot;illumina&quot; il Natale dei messinesi"},"content":{"rendered":"<p style=\"text-align: justify;\">L&#8217;albero di piazza Cairoli \u00e8 un autentico colpo d&#8217;occhio, lo stesso dicasi per le stelle che illuminano il &#8220;tunnel della luce&#8221;. Il Natale di piazza Cairoli porta anche la firma della &#8220;Albalux&#8221;, impresa di Novara di Sicilia, sulla quale ha voluto scommettere l&#8217;associazione &#8220;Messina Incentro&#8221;.<div id=\"div-gpt-ad-Messinaoggi.it-DSK-300x250-corpoart\" style=\"text-align:center;margin:0 auto;\"><\/div><\/p>\n<p><img loading=\"lazy\" class=\"size-medium wp-image-27555 alignright\" src=\"http:\/\/www.messinaoggi.it\/website\/wp-content\/uploads\/2018\/12\/7DFB840A-7EB3-4D3D-82FC-D1B80394166F-300x225.jpeg\" alt=\"\" width=\"300\" height=\"225\" \/><div id=\"videoincontent\" style=\"clear:both\";><\/div><\/p>\n<p style=\"text-align: justify;\">&#8220;<em>La nostra \u00e8 stata una scommessa &#8211; ha detto Pasquale Amante Santoro &#8211; e visti i commenti possiamo dire di averla gi\u00e0 vinta. La scelta della Albalux per dare colore a piazza Cairoli \u00e8 stata decisamente azzeccata. Abbiamo voluto dare fiducia a questa giovane azienda della nostra provincia per valorizzare le nostre professionalit\u00e0. L&#8217;albero \u00e8 un colpo d&#8217;occhio e lo stesso dicasi per il tunnel delle luci di viale San Martino<\/em>&#8220;.<\/p>\n<p style=\"text-align: justify;\">L&#8217;albero che campeggia al centro della piazza \u00e8 stato adornato con tre chilometri di cavi e oltre 60mila led che doneranno un tocco di novit\u00e0, dal momento che sar\u00e0 possibile cambiare i colori delle luminarie.<\/p>\n","protected":false},"excerpt":{"rendered":"<p>L&#8217;albero di piazza Cairoli \u00e8 un autentico colpo d&#8217;occhio, lo stesso dicasi per le stelle che illuminano il &#8220;tunnel della luce&#8221;. Il Natale di piazza Cairoli porta anche la firma della &#8220;Albalux&#8221;, impresa di Novara di Sicilia, sulla quale ha voluto scommettere l&#8217;associazione &#8220;Messina Incentro&#8221;. &#8220;La nostra \u00e8 stata una scommessa &#8211; ha detto Pasquale [&hellip;]<\/p>\n","protected":false},"author":2,"featured_media":27547,"comment_status":"closed","ping_status":"open","sticky":false,"template":"","format":"standard","meta":{"ub_ctt_via":"","_mi_skip_tracking":false},"categories":[6],"tags":[],"featured_image_src":"https:\/\/www.messinaoggi.it\/website\/wp-content\/uploads\/2018\/12\/C63AB497-F9B5-470F-8DC2-056C7AE8027D.jpeg","author_info":{"display_name":"Redazione","author_link":"https:\/\/www.messinaoggi.it\/website\/author\/redazione\/"},"digistream_id":0,"digistream":false,"_links":{"self":[{"href":"https:\/\/www.messinaoggi.it\/website\/wp-json\/wp\/v2\/posts\/27545"}],"collection":[{"href":"https:\/\/www.messinaoggi.it\/website\/wp-json\/wp\/v2\/posts"}],"about":[{"href":"https:\/\/www.messinaoggi.it\/website\/wp-json\/wp\/v2\/types\/post"}],"author":[{"embeddable":true,"href":"https:\/\/www.messinaoggi.it\/website\/wp-json\/wp\/v2\/users\/2"}],"replies":[{"embeddable":true,"href":"https:\/\/www.messinaoggi.it\/website\/wp-json\/wp\/v2\/comments?post=27545"}],"version-history":[{"count":0,"href":"https:\/\/www.messinaoggi.it\/website\/wp-json\/wp\/v2\/posts\/27545\/revisions"}],"wp:featuredmedia":[{"embeddable":true,"href":"https:\/\/www.messinaoggi.it\/website\/wp-json\/wp\/v2\/media\/27547"}],"wp:attachment":[{"href":"https:\/\/www.messinaoggi.it\/website\/wp-json\/wp\/v2\/media?parent=27545"}],"wp:term":[{"taxonomy":"category","embeddable":true,"href":"https:\/\/www.messinaoggi.it\/website\/wp-json\/wp\/v2\/categories?post=27545"},{"taxonomy":"post_tag","embeddable":true,"href":"https:\/\/www.messinaoggi.it\/website\/wp-json\/wp\/v2\/tags?post=27545"}],"curies":[{"name":"wp","href":"https:\/\/api.w.org\/{rel}","templated":true}]}}