{"id":27406,"date":"2018-12-04T13:41:14","date_gmt":"2018-12-04T12:41:14","guid":{"rendered":"http:\/\/www.messinaoggi.it\/website\/?p=27406"},"modified":"2018-12-04T13:41:14","modified_gmt":"2018-12-04T12:41:14","slug":"il-2019-si-apre-allinsegna-della-risata-al-teatro-vittorio-emanuele-protagonisti-alefranz-con-lo-spettacolo-dal-titolo-nel-nostro-piccolo-omaggio-a-giorgio-gaber-ed-enzo-jannacci","status":"publish","type":"post","link":"https:\/\/www.messinaoggi.it\/website\/2018\/12\/04\/il-2019-si-apre-allinsegna-della-risata-al-teatro-vittorio-emanuele-protagonisti-alefranz-con-lo-spettacolo-dal-titolo-nel-nostro-piccolo-omaggio-a-giorgio-gaber-ed-enzo-jannacci\/","title":{"rendered":"Il 2019 si apre all&#039;insegna della risata al Teatro Vittorio Emanuele. Protagonisti Ale&#038;Franz con lo spettacolo dal titolo &quot;Nel nostro piccolo&quot;, omaggio a Giorgio Gaber ed Enzo Jannacci"},"content":{"rendered":"<p>Natale \u00e8 vicino e l\u2019entusiasmo che ne deriva \u00e8 contagioso, talmente contagioso che sar\u00e0 anche lo stato d\u2019animo adatto che accoglier\u00e0 il\u00a0 duo comico\u00a0 Ale\u00a0 e Franz in scena al Teatro Vittorio Emanuele il 29 e 30<strong> gennaio, alle ore 21.00,\u00a0 <\/strong>protagonisti dello spettacolo musicale dal titolo \u201c<strong>Nel nostro piccolo<\/strong>\u201d, omaggio a\u00a0<strong>Giorgio Gaber\u00a0<\/strong>e\u00a0<strong>Enzo Jannacci<\/strong>. Scritto da Francesco Villa, Alessandro Besentini, Alberto Ferrari e Antonio De Santis, e diretto da Alberto Ferrari, \u201cNel nostro piccolo\u201d \u00e8 un viaggio alla ricerca del nostro punto di partenza, quello che ha mosso la nostra voglia e ricerca di comicit\u00e0. Ma Ridendo.<br \/>\nIl racconto di un mondo visto dalla parte di chi ha il coraggio, con le proprie idee, di vedere dentro la vita di ognuno. Raccontare le piccolezze, le sconfitte, le paure che ci accompagnano. Sempre Ridendo. Il coraggio di vivere storie non sempre vincenti. La forza di trasmettere emozioni vere: i fallimenti di una vita, la delusione degli ideali, la conoscenza profonda di sentimenti penetranti, come l\u2019amore. La gioia della vita. Ridendo ovviamente. Ridendo riusciamo a scoprire i nostri difetti. La risata \u00e8 il nostro veicolo fondamentale per riuscire a parlare di noi senza prenderci troppo sul serio.<br \/>\nNel costruire le tappe di questo percorso ci siamo imbattuti nei nostri punti fermi, che ci hanno, grazie al cielo, condizionato: Giorgio Gaber e Enzo Jannacci.<br \/>\nLoro sono stati la scintilla che ci ha permesso di vedere l\u2019uomo come il centro di tutto.<br \/>\nConoscere il suo mondo. Vederlo mentre ci gira intorno. Un mondo, sofferto e gioioso, colorato e grigio, assolato e buio. Ma sempre, e comunque un mondo vero, reale. Senza timori, senza remore.<br \/>\nCi hanno mostrato che chi si muove e vive accanto al nostro fianco, chi cammina nelle strade, chi respira la nostra stessa aria, sono uomini, persone, uguali a noi.<br \/>\nPerch\u00e9 un amore andato male \u00e8 una storia che abbiamo sentito mille volte, e mille volte ancora sentiremo, perch\u00e9 le emozioni non finiscono mai.<br \/>\nTutto questo porteremo con noi, sul palco, quei pensieri, quelle parole, quelle note,\u00a0in cui c\u2019\u00e8 anche il punto di partenza, la nostra piccola storia.<br \/>\nIl nostro piccolo. E vi racconteremo la fortuna di aver potuto respirare la stessa aria che Gaber e Jannacci respiravano.<br \/>\nL\u2019aria di Milano.\u00a0Di quegli anni.<br \/>\nMa ridendo sempre!!!<br \/>\nNel nostro piccolo.<br \/>\nAd impreziosire\u00a0 lo spettacolo ci saranno anche i musicisti Luigi Schiavone\u00a0alla chitarra, Fabrizio Palermo al basso, Francesco Luppi alle tastiere e Marco Orsi alla batteria.<br \/>\nLo spettacolo sar\u00e0 replicato anche al\u00a0<strong>Teatro Metropolitan di Catania il 31 gennaio<\/strong>.\u00a0 L\u2019evento \u00e8 prodotto da\u00a0<strong>ITC 2000\u00a0<\/strong>e le date di Messina e Catania sono organizzate da\u00a0<strong>Euphonya Management di Dario Grasso<\/strong>.<br \/>\nUno spettacolo da non perdere per iniziare con il sorriso il nuovo anno.<br \/>\n <div id=\"div-gpt-ad-Messinaoggi.it-DSK-300x250-corpoart\" style=\"text-align:center;margin:0 auto;\"><\/div><\/p>\n<div id=\"videoincontent\" style=\"clear:both\";><\/div>","protected":false},"excerpt":{"rendered":"<p>Natale \u00e8 vicino e l\u2019entusiasmo che ne deriva \u00e8 contagioso, talmente contagioso che sar\u00e0 anche lo stato d\u2019animo adatto che accoglier\u00e0 il\u00a0 duo comico\u00a0 Ale\u00a0 e Franz in scena al Teatro Vittorio Emanuele il 29 e 30 gennaio, alle ore 21.00,\u00a0 protagonisti dello spettacolo musicale dal titolo \u201cNel nostro piccolo\u201d, omaggio a\u00a0Giorgio Gaber\u00a0e\u00a0Enzo Jannacci. Scritto [&hellip;]<\/p>\n","protected":false},"author":5,"featured_media":27407,"comment_status":"closed","ping_status":"open","sticky":false,"template":"","format":"standard","meta":{"ub_ctt_via":"","_mi_skip_tracking":false},"categories":[17],"tags":[],"featured_image_src":"https:\/\/www.messinaoggi.it\/website\/wp-content\/uploads\/2018\/12\/AleFranz_Piccolo.jpg","author_info":{"display_name":"Maria Antonella Saia","author_link":"https:\/\/www.messinaoggi.it\/website\/author\/m-saia\/"},"digistream_id":0,"digistream":false,"_links":{"self":[{"href":"https:\/\/www.messinaoggi.it\/website\/wp-json\/wp\/v2\/posts\/27406"}],"collection":[{"href":"https:\/\/www.messinaoggi.it\/website\/wp-json\/wp\/v2\/posts"}],"about":[{"href":"https:\/\/www.messinaoggi.it\/website\/wp-json\/wp\/v2\/types\/post"}],"author":[{"embeddable":true,"href":"https:\/\/www.messinaoggi.it\/website\/wp-json\/wp\/v2\/users\/5"}],"replies":[{"embeddable":true,"href":"https:\/\/www.messinaoggi.it\/website\/wp-json\/wp\/v2\/comments?post=27406"}],"version-history":[{"count":0,"href":"https:\/\/www.messinaoggi.it\/website\/wp-json\/wp\/v2\/posts\/27406\/revisions"}],"wp:featuredmedia":[{"embeddable":true,"href":"https:\/\/www.messinaoggi.it\/website\/wp-json\/wp\/v2\/media\/27407"}],"wp:attachment":[{"href":"https:\/\/www.messinaoggi.it\/website\/wp-json\/wp\/v2\/media?parent=27406"}],"wp:term":[{"taxonomy":"category","embeddable":true,"href":"https:\/\/www.messinaoggi.it\/website\/wp-json\/wp\/v2\/categories?post=27406"},{"taxonomy":"post_tag","embeddable":true,"href":"https:\/\/www.messinaoggi.it\/website\/wp-json\/wp\/v2\/tags?post=27406"}],"curies":[{"name":"wp","href":"https:\/\/api.w.org\/{rel}","templated":true}]}}