{"id":27387,"date":"2018-12-04T09:00:32","date_gmt":"2018-12-04T08:00:32","guid":{"rendered":"http:\/\/www.messinaoggi.it\/website\/?p=27387"},"modified":"2018-12-04T09:00:32","modified_gmt":"2018-12-04T08:00:32","slug":"la-pittrice-del-buio-incanta-terni-con-la-sua-celestiale-follia","status":"publish","type":"post","link":"https:\/\/www.messinaoggi.it\/website\/2018\/12\/04\/la-pittrice-del-buio-incanta-terni-con-la-sua-celestiale-follia\/","title":{"rendered":"La Pittrice del Buio incanta Terni con la sua &quot;Celestiale Follia&quot;"},"content":{"rendered":"<p>Si \u00e8 concluso, sabato scorso, \u00a0con un grande \u00a0successo di pubblico il vernissage di Antonella \u00a0Bonaffini dal titolo Questa mia celestiale follia che dal 17 novembre al 1 dicembre si \u00e8 svolta presso la Galleria Mentana di Corso Vecchio a Terni. Ancora una volta l\u2019Umbria ha stretto in un caloroso abbraccio\u00a0 la giovane artista facendole sentire tutto il proprio affetto, perch\u00e9 se \u00e8 vero che \u00e8 in Umbria che l&#8217;artista Siciliana ha spesso dichiarato di volersi presto ritirare, \u00e8 anche vero che se la Pittrice del Buio arriva, in qualsiasi luogo e con qualsiasi tempo, il popolo umbro risponde. \u00a0Anche \u00a0questa volta l&#8217;impatto cromatico\u00a0\u00e8 stato il \u00a0punto di forza nei dipinti dell&#8217;artista messinese, continuando a dipingere quel sogno, che sembra non volersi ancora fermare. Inoltre, l\u2019attenzione sulla sua produzione artistica\u00a0 non si placa dal momento che \u00a0i suoi dipinti entrano per la prima volta in piattaforme di importanza mondiale e qualcuno gi\u00e0\u00a0 \u00a0vocifera che importanti alleanze artistiche si stagliano all&#8217;orizzonte, ma l&#8217;assoluta semplicit\u00e0, l&#8217;educazione che sembra appartenere ad un altro tempo, in lei non si disperde, rendendo questa giovane donna una persona davvero molto particolare. <em>&#8220;Il contatto umano \u00e8 una prerogativa\u00a0indispensabile nella vita e se solo l&#8217;individuo imparasse a crederci, l&#8217;esistenza avrebbe di certo un diverso colore. Da sempre, dipingo per confutare un mondo che non mi trova n\u00e9 partecipe n\u00e9 entusiasta, ed il colore, mi d\u00e0 la possibilit\u00e0 di raccontarmi una\u00a0favola, quella che nonostante tutto e nonostante tutti, rimarr\u00e0 la mia ed alla quale non vorr\u00f2 mai rinunciare&#8221;. <\/em><br \/>\nNulla di ci\u00f2 che si ascolta sentendola parlare \u00e8 mai banale, la potenzialit\u00e0 espressiva \u00e8 davvero disarmante, e forse questo spiega senza troppe\u00a0celebrazioni, cosa nel tempo l&#8217;ha resa assoluta protagonista, tanto in pittura quanto in poesia. Il suo vivido sentire, un sentire pulito, sincero, portatore di un messaggio che poco spazio lascia ai dubbi, e forse, anche alla banale percezione.<br \/>\n&#8220;Io sono un carnevale di variopinte maschere, un volto manifesto che sorride, un&#8217; anima celata che soffre&#8221; dalla poesia Io sono ci\u00f2 che il mondo vuole io sia di A. Bonaffini.<br \/>\nLa Pittrice del Buio torna a ridonare luce agli animi nobili che ammirano le sue opere con occhi limpidi e puri.<div id=\"div-gpt-ad-Messinaoggi.it-DSK-300x250-corpoart\" style=\"text-align:center;margin:0 auto;\"><\/div><\/p>\n<div id=\"videoincontent\" style=\"clear:both\";><\/div>","protected":false},"excerpt":{"rendered":"<p>Si \u00e8 concluso, sabato scorso, \u00a0con un grande \u00a0successo di pubblico il vernissage di Antonella \u00a0Bonaffini dal titolo Questa mia celestiale follia che dal 17 novembre al 1 dicembre si \u00e8 svolta presso la Galleria Mentana di Corso Vecchio a Terni. Ancora una volta l\u2019Umbria ha stretto in un caloroso abbraccio\u00a0 la giovane artista facendole [&hellip;]<\/p>\n","protected":false},"author":5,"featured_media":27388,"comment_status":"closed","ping_status":"open","sticky":false,"template":"","format":"standard","meta":{"ub_ctt_via":"","_mi_skip_tracking":false},"categories":[16],"tags":[],"featured_image_src":"https:\/\/www.messinaoggi.it\/website\/wp-content\/uploads\/2018\/12\/Antonella-Bonaffini-Terni.jpg","author_info":{"display_name":"Maria Antonella Saia","author_link":"https:\/\/www.messinaoggi.it\/website\/author\/m-saia\/"},"digistream_id":0,"digistream":false,"_links":{"self":[{"href":"https:\/\/www.messinaoggi.it\/website\/wp-json\/wp\/v2\/posts\/27387"}],"collection":[{"href":"https:\/\/www.messinaoggi.it\/website\/wp-json\/wp\/v2\/posts"}],"about":[{"href":"https:\/\/www.messinaoggi.it\/website\/wp-json\/wp\/v2\/types\/post"}],"author":[{"embeddable":true,"href":"https:\/\/www.messinaoggi.it\/website\/wp-json\/wp\/v2\/users\/5"}],"replies":[{"embeddable":true,"href":"https:\/\/www.messinaoggi.it\/website\/wp-json\/wp\/v2\/comments?post=27387"}],"version-history":[{"count":0,"href":"https:\/\/www.messinaoggi.it\/website\/wp-json\/wp\/v2\/posts\/27387\/revisions"}],"wp:featuredmedia":[{"embeddable":true,"href":"https:\/\/www.messinaoggi.it\/website\/wp-json\/wp\/v2\/media\/27388"}],"wp:attachment":[{"href":"https:\/\/www.messinaoggi.it\/website\/wp-json\/wp\/v2\/media?parent=27387"}],"wp:term":[{"taxonomy":"category","embeddable":true,"href":"https:\/\/www.messinaoggi.it\/website\/wp-json\/wp\/v2\/categories?post=27387"},{"taxonomy":"post_tag","embeddable":true,"href":"https:\/\/www.messinaoggi.it\/website\/wp-json\/wp\/v2\/tags?post=27387"}],"curies":[{"name":"wp","href":"https:\/\/api.w.org\/{rel}","templated":true}]}}