{"id":273627,"date":"2026-09-06T19:09:46","date_gmt":"2026-09-06T17:09:46","guid":{"rendered":"https:\/\/www.messinaoggi.it\/website\/2026\/09\/06\/ghribi-allinaugurazione-delluniversita-di-bengasi-faro-di-sapere-e-conoscenza\/"},"modified":"2026-09-06T19:09:46","modified_gmt":"2026-09-06T17:09:46","slug":"ghribi-allinaugurazione-delluniversita-di-bengasi-faro-di-sapere-e-conoscenza","status":"publish","type":"post","link":"https:\/\/www.messinaoggi.it\/website\/2026\/09\/06\/ghribi-allinaugurazione-delluniversita-di-bengasi-faro-di-sapere-e-conoscenza\/","title":{"rendered":"Ghribi all\u2019inaugurazione dell\u2019Universit\u00e0 di Bengasi \u201cFaro di sapere e conoscenza\u201d"},"content":{"rendered":"<div>BENGASI (LIBIA) (ITALPRESS) &#8211; &#8220;Ho avuto l&#8217;onore di partecipare alla cerimonia di inaugurazione dell&#8217;Universit\u00e0 di Bengasi, accogliendo l&#8217;invito del mio caro fratello e amico, l&#8217;ingegner Belqasim Haftar. In tale occasione, ho avuto altres\u00ec l&#8217;onore di incontrare il Generale Khalifa Haftar. Un&#8217;occasione di particolare rilievo, che testimonia l&#8217;importanza di questo prestigioso polo accademico e il suo ruolo al servizio della scienza e della conoscenza&#8221;. Lo ha detto Kamel Ghribi, Presidente di GKSD e Vicepresidente di Gruppo San Donato, esprimendo &#8220;la pi\u00f9 sincera gratitudine e il mio profondo apprezzamento al mio caro fratello Belqasim Haftar per l&#8217;invito e per la calorosa accoglienza, formulando i miei pi\u00f9 sentiti auguri per ulteriori successi e affinch\u00e8 l&#8217;Universit\u00e0 continui a essere un faro di sapere e conoscenza&#8221;.<div id=\"div-gpt-ad-Messinaoggi.it-DSK-300x250-corpoart\" style=\"text-align:center;margin:0 auto;\"><\/div><\/p>\n<p>&#8211; foto Gksd &#8211;<br \/>\n(ITALPRESS).<div id=\"videoincontent\" style=\"clear:both\";><\/div><\/p><\/div>\n","protected":false},"excerpt":{"rendered":"<p>BENGASI (LIBIA) (ITALPRESS) &#8211; &#8220;Ho avuto l&#8217;onore di partecipare alla cerimonia di inaugurazione dell&#8217;Universit\u00e0 di Bengasi, accogliendo l&#8217;invito del mio caro fratello e amico, l&#8217;ingegner Belqasim Haftar. In tale occasione, ho avuto altres\u00ec l&#8217;onore di incontrare il Generale Khalifa Haftar. Un&#8217;occasione di particolare rilievo, che testimonia l&#8217;importanza di questo prestigioso polo accademico e il suo [&hellip;]<\/p>\n","protected":false},"author":18,"featured_media":273628,"comment_status":"closed","ping_status":"closed","sticky":false,"template":"","format":"standard","meta":{"ub_ctt_via":"","_mi_skip_tracking":false},"categories":[446],"tags":[783],"featured_image_src":"https:\/\/www.messinaoggi.it\/website\/wp-content\/uploads\/2026\/09\/20260906_2145.jpg","author_info":{"display_name":"Admin","author_link":"https:\/\/www.messinaoggi.it\/website\/author\/admin\/"},"digistream_id":0,"digistream":false,"_links":{"self":[{"href":"https:\/\/www.messinaoggi.it\/website\/wp-json\/wp\/v2\/posts\/273627"}],"collection":[{"href":"https:\/\/www.messinaoggi.it\/website\/wp-json\/wp\/v2\/posts"}],"about":[{"href":"https:\/\/www.messinaoggi.it\/website\/wp-json\/wp\/v2\/types\/post"}],"author":[{"embeddable":true,"href":"https:\/\/www.messinaoggi.it\/website\/wp-json\/wp\/v2\/users\/18"}],"replies":[{"embeddable":true,"href":"https:\/\/www.messinaoggi.it\/website\/wp-json\/wp\/v2\/comments?post=273627"}],"version-history":[{"count":0,"href":"https:\/\/www.messinaoggi.it\/website\/wp-json\/wp\/v2\/posts\/273627\/revisions"}],"wp:featuredmedia":[{"embeddable":true,"href":"https:\/\/www.messinaoggi.it\/website\/wp-json\/wp\/v2\/media\/273628"}],"wp:attachment":[{"href":"https:\/\/www.messinaoggi.it\/website\/wp-json\/wp\/v2\/media?parent=273627"}],"wp:term":[{"taxonomy":"category","embeddable":true,"href":"https:\/\/www.messinaoggi.it\/website\/wp-json\/wp\/v2\/categories?post=273627"},{"taxonomy":"post_tag","embeddable":true,"href":"https:\/\/www.messinaoggi.it\/website\/wp-json\/wp\/v2\/tags?post=273627"}],"curies":[{"name":"wp","href":"https:\/\/api.w.org\/{rel}","templated":true}]}}