{"id":273617,"date":"2026-09-06T18:19:38","date_gmt":"2026-09-06T16:19:38","guid":{"rendered":"https:\/\/www.messinaoggi.it\/website\/2026\/09\/06\/natale-giunta-denuncia-colpito-da-un-pos-nel-mio-locale-lo-chef-non-abbasso-la-guardia-certa-gentaglia-da-me-non-entra-video\/"},"modified":"2026-09-06T18:19:38","modified_gmt":"2026-09-06T16:19:38","slug":"natale-giunta-denuncia-colpito-da-un-pos-nel-mio-locale-lo-chef-non-abbasso-la-guardia-certa-gentaglia-da-me-non-entra-video","status":"publish","type":"post","link":"https:\/\/www.messinaoggi.it\/website\/2026\/09\/06\/natale-giunta-denuncia-colpito-da-un-pos-nel-mio-locale-lo-chef-non-abbasso-la-guardia-certa-gentaglia-da-me-non-entra-video\/","title":{"rendered":"Natale Giunta denuncia \u201cColpito da un POS nel mio locale\u201d. Lo chef \u201cNon abbasso la guardia, certa gentaglia da me non entra\u201d \/ Video"},"content":{"rendered":"<div>\n<p>PALERMO (ITALPRESS) \u2013<em> \u201cIeri sera, mentre circa 400 giovani si divertivano in maniera sana e civile, alcuni soggetti hanno preteso ripetutamente di entrare, nonostante non fossero in lista e avessero mostrato comportamenti incompatibili con la nostra serata\u201d<\/em>. A denunciarlo su Instagram \u00e8 lo chef Natale <strong>Giunta<\/strong> che posta un video dell\u2019episodio avvenuto al Molo Trapezoidale di Palermo. <em>\u201cDopo essere stati respinti pi\u00f9 volte<\/em> \u2013 racconta lo chef- <em>hanno spinto le transenne, raggiunto la zona della cassa e assunto atteggiamenti aggressivi e minacciosi nei confronti del personale e della sicurezza. Quando ho detto che avrei chiamato il 112, uno di loro ha continuato a urlarmi contro: \u201cSbirro, sbirro, sbirro!\u201d. Subito dopo ha scagliato un POS con una violenza inaudita, sfiorando le persone accanto a me e colpendo me personalmente, fortunatamente soltanto in maniera lieve<\/em>\u201c. Giunta spiega che <em>\u201cil tempestivo intervento della Polizia di Stato ha riportato la situazione sotto controllo, evitando che degenerasse ulteriormente. Nelle prossime ore sporgeremo formale querela in Questura, mettendo a disposizione tutte le registrazioni delle telecamere\u201d.<\/em><div id=\"div-gpt-ad-Messinaoggi.it-DSK-300x250-corpoart\" style=\"text-align:center;margin:0 auto;\"><\/div><\/p>\n<p>Lo chef ringrazia <em>\u201cla Polizia di Stato per la rapidit\u00e0 e la professionalit\u00e0 dell\u2019intervento. Ringrazio inoltre tutto il personale del nostro nucleo interno di sicurezza, che ha agito con fermezza e grande responsabilit\u00e0, proteggendo centinaia di giovani. Al Prefetto, al Questore e al Ministro dell\u2019Interno chiediamo maggiore tutela. Chi lavora onestamente e chi desidera trascorrere una serata serena non pu\u00f2 essere lasciato in bal\u00eca della violenza e della prepotenza di pochi. Nei nostri locali la violenza non entrer\u00e0 mai. Scegliamo la sicurezza. Scegliamo la legalit\u00e0. Sempre\u201d<\/em>.<div id=\"videoincontent\" style=\"clear:both\";><\/div><\/p>\n<h3><strong>IL RACCONTO DI GIUNTA<\/strong><\/h3>\n<p>\u201c<em>Sto bene, tranne un livido al braccio e un problema a un dito, perch\u00e9 mi sono preso un colpo di POS, per fortuna non in faccia. Per\u00f2 vi volevo dire che non abbasso la guardia, non ho paura di questa gentaglia, che non \u00e8 mai entrata all\u2019interno della mia attivit\u00e0 e non entrer\u00e0 mai, mai<\/em>\u201c, ha detto in un altro video Giunta. <em>\u201cQuesti delinquenti hanno provato a forzare le transenne, sono arrivati alla cassa, alla cassa dell\u2019anfiteatro, e da l\u00ec si sono ritrovati 7 uomini alla sicurezza che non li volevano far entrare. E\u2019 iniziato il tafferuglio, minacciando la sicurezza per pi\u00f9 di 5-6 minuti<\/em> \u2013 aggiunge Giunta -. <em>Ho chiamato il 112 e quando uno di loro se ne \u00e8 accorto ha iniziato ad aggredirmi\u201d.<\/em> Ma, ribadisce,<em> \u201cda noi non si entra. Io non abbasso la testa, non abbasso la guardia, non voglio questa gentaglia all\u2019interno delle mie attivit\u00e0. Noi, quando apriamo l\u2019attivit\u00e0 di discoteca, di feste, sono feste per gente perbene. A me fate schifo. Fate schifo, schifo, schifo. Dovete stare con i vostri simili, dovete essere emarginati. Mi dispiace dire questa cosa, ma non siete degni di stare con le persone civili. Siete lo schifo di questa terra. Dovete stare chiusi con quelli come voi. Fate schifo\u201d.<\/em><\/p>\n<div style=\"width: 640px;\" class=\"wp-video\"><video class=\"wp-video-shortcode\" id=\"video-740675-1\" width=\"640\" height=\"360\" preload=\"metadata\" controls=\"controls\"><source type=\"video\/mp4\" src=\"https:\/\/video.italpress.com\/storage\/news\/video\/2026\/9\/5b3180fd904aef32550719429380ac094e8350b6.mp4?_=1\"><\/source><a href=\"https:\/\/video.italpress.com\/storage\/news\/video\/2026\/9\/5b3180fd904aef32550719429380ac094e8350b6.mp4\">https:\/\/video.italpress.com\/storage\/news\/video\/2026\/9\/5b3180fd904aef32550719429380ac094e8350b6.mp4<\/a><\/video><\/div>\n<p>Giunta ha ringraziato le forze dell\u2019ordine e gli uomini della sicurezza,<em> \u201ce ringrazio tutti i nostri ospiti che sanno che vengono da noi e c\u2019\u00e8 un locale pulito, sicuro, e non c\u2019\u00e8 mai marmaglia e gentaglia di questo genere in giro. Mi batter\u00f2 sempre, finch\u00e9 avr\u00f2 attivit\u00e0 di pubblico spettacolo, a non far entrare questo tipo di personaggi. Questa \u00e8 una promessa: ve l\u2019ho sempre fatta, quando ho lanciato l\u2019associazione No Maranza. Ma qui non parliamo solo di maranza, parliamo di delinquenti e di criminali. Da noi non si entra\u201d.<\/em> <em>\u201cVolevo lanciare solo un messaggio al Prefetto e al Questore, al Ministro Piantedosi: dovete fare qualcosa per le attivit\u00e0 di pubblico spettacolo<\/em> \u2013 insiste lo chef -.<em> Il pubblico spettacolo \u00e8 un diritto dei ragazzi, \u00e8 un diritto di chi si vuole divertire, \u00e8 un diritto della vita, il divertimento e lo svago. Quella gente non merita di entrare, non merita di frequentare posti come i nostri, non merita di stare con gente civile e perbene. Io non abbasso la guardia di un attimo, di un centimetro, di un millimetro. Sono sempre l\u00ec a fare battaglie, e battaglie sane, senza secondi fini\u201d.<\/em><\/p>\n<p>\u2013 foto IPA Agency \u2013<\/p>\n<p>(ITALPRESS).<\/p>\n<\/div>\n","protected":false},"excerpt":{"rendered":"<p>PALERMO (ITALPRESS) \u2013 \u201cIeri sera, mentre circa 400 giovani si divertivano in maniera sana e civile, alcuni soggetti hanno preteso ripetutamente di entrare, nonostante non fossero in lista e avessero mostrato comportamenti incompatibili con la nostra serata\u201d. A denunciarlo su Instagram \u00e8 lo chef Natale Giunta che posta un video dell\u2019episodio avvenuto al Molo Trapezoidale [&hellip;]<\/p>\n","protected":false},"author":18,"featured_media":273618,"comment_status":"closed","ping_status":"closed","sticky":false,"template":"","format":"standard","meta":{"ub_ctt_via":"","_mi_skip_tracking":false},"categories":[2449],"tags":[783],"featured_image_src":"https:\/\/www.messinaoggi.it\/website\/wp-content\/uploads\/2026\/09\/Natale-Giunta.jpg","author_info":{"display_name":"Admin","author_link":"https:\/\/www.messinaoggi.it\/website\/author\/admin\/"},"digistream_id":0,"digistream":false,"_links":{"self":[{"href":"https:\/\/www.messinaoggi.it\/website\/wp-json\/wp\/v2\/posts\/273617"}],"collection":[{"href":"https:\/\/www.messinaoggi.it\/website\/wp-json\/wp\/v2\/posts"}],"about":[{"href":"https:\/\/www.messinaoggi.it\/website\/wp-json\/wp\/v2\/types\/post"}],"author":[{"embeddable":true,"href":"https:\/\/www.messinaoggi.it\/website\/wp-json\/wp\/v2\/users\/18"}],"replies":[{"embeddable":true,"href":"https:\/\/www.messinaoggi.it\/website\/wp-json\/wp\/v2\/comments?post=273617"}],"version-history":[{"count":0,"href":"https:\/\/www.messinaoggi.it\/website\/wp-json\/wp\/v2\/posts\/273617\/revisions"}],"wp:featuredmedia":[{"embeddable":true,"href":"https:\/\/www.messinaoggi.it\/website\/wp-json\/wp\/v2\/media\/273618"}],"wp:attachment":[{"href":"https:\/\/www.messinaoggi.it\/website\/wp-json\/wp\/v2\/media?parent=273617"}],"wp:term":[{"taxonomy":"category","embeddable":true,"href":"https:\/\/www.messinaoggi.it\/website\/wp-json\/wp\/v2\/categories?post=273617"},{"taxonomy":"post_tag","embeddable":true,"href":"https:\/\/www.messinaoggi.it\/website\/wp-json\/wp\/v2\/tags?post=273617"}],"curies":[{"name":"wp","href":"https:\/\/api.w.org\/{rel}","templated":true}]}}