{"id":273613,"date":"2026-09-06T17:10:23","date_gmt":"2026-09-06T15:10:23","guid":{"rendered":"https:\/\/www.messinaoggi.it\/website\/2026\/09\/06\/giorgetti-possibile-crescita-pil-1-italia-si-e-dimostrata-resiliente\/"},"modified":"2026-09-06T17:10:23","modified_gmt":"2026-09-06T15:10:23","slug":"giorgetti-possibile-crescita-pil-1-italia-si-e-dimostrata-resiliente","status":"publish","type":"post","link":"https:\/\/www.messinaoggi.it\/website\/2026\/09\/06\/giorgetti-possibile-crescita-pil-1-italia-si-e-dimostrata-resiliente\/","title":{"rendered":"Giorgetti \u201cPossibile crescita Pil 1%, Italia si \u00e8 dimostrata resiliente\u201d"},"content":{"rendered":"<div>CERNOBBIO (ITALPRESS) &#8211; &#8220;L&#8217;economia italiana si \u00e8 dimostrata relativamente resiliente nel senso che noi abbiamo fatto delle valutazioni molto prudenziali per quanto riguarda la crescita, tenuto conto sia dell&#8217;impatto della guerra commerciale dei dazi sia dell&#8217;impatto della crisi del Medio Oriente. Oggi, per ora, abbiamo acquisito lo 0,8%. Se le cose vanno come da indicatori potremmo avvicinarsi anche all&#8217;1%&#8221;. Lo ha detto il ministro dell&#8217;Economia e delle Finanze, Giancarlo Giorgetti, intervenendo al Forum Teha di Cernobbio. &#8220;Non avremo fatto i fenomeni, per\u00f2 la<br \/>barca \u00e8 rimasta in galleggiamento &#8211; prosegue -. E vi posso assicurare che l&#8217;Italia \u00e8 molto pi\u00f9 rispettata all&#8217;estero che in patria&#8221;.<br \/>-foto Ipa Agency- <br \/>(ITALPRESS).<\/div>\n<div id=\"div-gpt-ad-Messinaoggi.it-DSK-300x250-corpoart\" style=\"text-align:center;margin:0 auto;\"><\/div><\/p><div id=\"videoincontent\" style=\"clear:both\";><\/div>","protected":false},"excerpt":{"rendered":"<p>CERNOBBIO (ITALPRESS) &#8211; &#8220;L&#8217;economia italiana si \u00e8 dimostrata relativamente resiliente nel senso che noi abbiamo fatto delle valutazioni molto prudenziali per quanto riguarda la crescita, tenuto conto sia dell&#8217;impatto della guerra commerciale dei dazi sia dell&#8217;impatto della crisi del Medio Oriente. Oggi, per ora, abbiamo acquisito lo 0,8%. Se le cose vanno come da indicatori [&hellip;]<\/p>\n","protected":false},"author":18,"featured_media":273614,"comment_status":"closed","ping_status":"closed","sticky":false,"template":"","format":"standard","meta":{"ub_ctt_via":"","_mi_skip_tracking":false},"categories":[446],"tags":[783],"featured_image_src":"https:\/\/www.messinaoggi.it\/website\/wp-content\/uploads\/2026\/09\/20260906_1569.jpg","author_info":{"display_name":"Admin","author_link":"https:\/\/www.messinaoggi.it\/website\/author\/admin\/"},"digistream_id":0,"digistream":false,"_links":{"self":[{"href":"https:\/\/www.messinaoggi.it\/website\/wp-json\/wp\/v2\/posts\/273613"}],"collection":[{"href":"https:\/\/www.messinaoggi.it\/website\/wp-json\/wp\/v2\/posts"}],"about":[{"href":"https:\/\/www.messinaoggi.it\/website\/wp-json\/wp\/v2\/types\/post"}],"author":[{"embeddable":true,"href":"https:\/\/www.messinaoggi.it\/website\/wp-json\/wp\/v2\/users\/18"}],"replies":[{"embeddable":true,"href":"https:\/\/www.messinaoggi.it\/website\/wp-json\/wp\/v2\/comments?post=273613"}],"version-history":[{"count":0,"href":"https:\/\/www.messinaoggi.it\/website\/wp-json\/wp\/v2\/posts\/273613\/revisions"}],"wp:featuredmedia":[{"embeddable":true,"href":"https:\/\/www.messinaoggi.it\/website\/wp-json\/wp\/v2\/media\/273614"}],"wp:attachment":[{"href":"https:\/\/www.messinaoggi.it\/website\/wp-json\/wp\/v2\/media?parent=273613"}],"wp:term":[{"taxonomy":"category","embeddable":true,"href":"https:\/\/www.messinaoggi.it\/website\/wp-json\/wp\/v2\/categories?post=273613"},{"taxonomy":"post_tag","embeddable":true,"href":"https:\/\/www.messinaoggi.it\/website\/wp-json\/wp\/v2\/tags?post=273613"}],"curies":[{"name":"wp","href":"https:\/\/api.w.org\/{rel}","templated":true}]}}