{"id":273611,"date":"2026-09-06T16:19:38","date_gmt":"2026-09-06T14:19:38","guid":{"rendered":"https:\/\/www.messinaoggi.it\/website\/2026\/09\/06\/tragico-incidente-in-una-gara-automobilistica-in-sicilia-due-morti-e-un-ferito-alla-cronoscalata-monte-erice\/"},"modified":"2026-09-06T16:19:38","modified_gmt":"2026-09-06T14:19:38","slug":"tragico-incidente-in-una-gara-automobilistica-in-sicilia-due-morti-e-un-ferito-alla-cronoscalata-monte-erice","status":"publish","type":"post","link":"https:\/\/www.messinaoggi.it\/website\/2026\/09\/06\/tragico-incidente-in-una-gara-automobilistica-in-sicilia-due-morti-e-un-ferito-alla-cronoscalata-monte-erice\/","title":{"rendered":"Tragico incidente in una gara automobilistica in Sicilia, due morti e un ferito alla Cronoscalata Monte Erice"},"content":{"rendered":"<div>\n<p>TRAPANI (ITALPRESS) <strong>\u2013 Tragedia questa mattina alla 68esima Cronoscalata Monte Erice, dove un incidente durante la competizione ha provocato la morte di due persone e il ferimento di un\u2019altra<\/strong>. La gara \u00e8 stata immediatamente sospesa. L\u2019incidente si \u00e8 verificato lungo il percorso della cronoscalata, nella zona della postazione numero 9. Secondo le prime informazioni, una vettura impegnata nella gara sarebbe uscita dal tracciato, travolgendo alcune persone che si trovavano nell\u2019area. Sul luogo dell\u2019incidente sono intervenuti i soccorritori, le forze dell\u2019ordine e il personale dell\u2019organizzazione. Sono in corso gli accertamenti per ricostruire l\u2019esatta dinamica dell\u2019accaduto.<div id=\"div-gpt-ad-Messinaoggi.it-DSK-300x250-corpoart\" style=\"text-align:center;margin:0 auto;\"><\/div><\/p>\n<p>La competizione, uno degli appuntamenti pi\u00f9 importanti dell\u2019automobilismo siciliano, \u00e8 stata fermata dopo l\u2019incidente. La 68esima Cronoscalata Monte Erice, organizzata dall\u2019Automobile Club Trapani, si disputa sul tradizionale tracciato che conduce verso Erice ed \u00e8 inserita nel calendario del Campionato Italiano Velocit\u00e0 Montagna. Una giornata dedicata allo sport si \u00e8 trasformata in una tragedia. Gli investigatori stanno effettuando tutti gli accertamenti necessari per chiarire le cause dell\u2019uscita di strada della vettura e le responsabilit\u00e0 dell\u2019accaduto.<div id=\"videoincontent\" style=\"clear:both\";><\/div><\/p>\n<p>\u2013 foto IPA Agency \u2013<\/p>\n<p>(ITALPRESS).<\/p>\n<\/div>\n","protected":false},"excerpt":{"rendered":"<p>TRAPANI (ITALPRESS) \u2013 Tragedia questa mattina alla 68esima Cronoscalata Monte Erice, dove un incidente durante la competizione ha provocato la morte di due persone e il ferimento di un\u2019altra. La gara \u00e8 stata immediatamente sospesa. L\u2019incidente si \u00e8 verificato lungo il percorso della cronoscalata, nella zona della postazione numero 9. Secondo le prime informazioni, una [&hellip;]<\/p>\n","protected":false},"author":18,"featured_media":273612,"comment_status":"closed","ping_status":"closed","sticky":false,"template":"","format":"standard","meta":{"ub_ctt_via":"","_mi_skip_tracking":false},"categories":[2449],"tags":[783],"featured_image_src":"https:\/\/www.messinaoggi.it\/website\/wp-content\/uploads\/2026\/09\/Monte-Erice.jpg","author_info":{"display_name":"Admin","author_link":"https:\/\/www.messinaoggi.it\/website\/author\/admin\/"},"digistream_id":0,"digistream":false,"_links":{"self":[{"href":"https:\/\/www.messinaoggi.it\/website\/wp-json\/wp\/v2\/posts\/273611"}],"collection":[{"href":"https:\/\/www.messinaoggi.it\/website\/wp-json\/wp\/v2\/posts"}],"about":[{"href":"https:\/\/www.messinaoggi.it\/website\/wp-json\/wp\/v2\/types\/post"}],"author":[{"embeddable":true,"href":"https:\/\/www.messinaoggi.it\/website\/wp-json\/wp\/v2\/users\/18"}],"replies":[{"embeddable":true,"href":"https:\/\/www.messinaoggi.it\/website\/wp-json\/wp\/v2\/comments?post=273611"}],"version-history":[{"count":0,"href":"https:\/\/www.messinaoggi.it\/website\/wp-json\/wp\/v2\/posts\/273611\/revisions"}],"wp:featuredmedia":[{"embeddable":true,"href":"https:\/\/www.messinaoggi.it\/website\/wp-json\/wp\/v2\/media\/273612"}],"wp:attachment":[{"href":"https:\/\/www.messinaoggi.it\/website\/wp-json\/wp\/v2\/media?parent=273611"}],"wp:term":[{"taxonomy":"category","embeddable":true,"href":"https:\/\/www.messinaoggi.it\/website\/wp-json\/wp\/v2\/categories?post=273611"},{"taxonomy":"post_tag","embeddable":true,"href":"https:\/\/www.messinaoggi.it\/website\/wp-json\/wp\/v2\/tags?post=273611"}],"curies":[{"name":"wp","href":"https:\/\/api.w.org\/{rel}","templated":true}]}}