{"id":273605,"date":"2026-09-06T13:09:41","date_gmt":"2026-09-06T11:09:41","guid":{"rendered":"https:\/\/www.messinaoggi.it\/website\/2026\/09\/06\/sirena-sogno-di-alzare-la-coppa-america-per-litalia-e-per-luna-rossa\/"},"modified":"2026-09-06T13:09:41","modified_gmt":"2026-09-06T11:09:41","slug":"sirena-sogno-di-alzare-la-coppa-america-per-litalia-e-per-luna-rossa","status":"publish","type":"post","link":"https:\/\/www.messinaoggi.it\/website\/2026\/09\/06\/sirena-sogno-di-alzare-la-coppa-america-per-litalia-e-per-luna-rossa\/","title":{"rendered":"Sirena \u201cSogno di alzare la Coppa America per l\u2019Italia e per Luna Rossa\u201d"},"content":{"rendered":"<div>NAPOLI (ITALPRESS) &#8211; &#8220;Sar\u00e0 bello regatare nelle acque di casa. Noi rappresentiamo non solo un Circolo ma anche un Paese intero&#8221;. Cos\u00ec, in un video realizzato da &#8220;Sport e Salute&#8221;, l&#8217;amministratore delegato di Luna Rossa, Max Sirena.<br \/>&#8220;Penso che quella del 2027, in Italia, a Napoli, sar\u00e0 la Coppa America pi\u00f9 bella di sempre. Luna Rossa rappresenta pi\u00f9 di trenta anni della mia carriera, pi\u00f9 di met\u00e0 della mia vita. C&#8217;\u00e8 un legame morboso col team. Io ho tatuata la scritta Luna Rossa sulla pelle. Il mio sogno \u00e8 quello di riuscire ad alzare la Coppa America per i colori italiani (impresa mai riuscita alle barche dello Stivale, ndr.) ma soprattutto per Luna Rossa. Mi alzo ogni mattina con questo obiettivo&#8221;, ha aggiunto l&#8217;ex team director e skipper della barca griffata Prada, Pirelli e Frecciarossa.<br \/>&#8220;A Bagnoli \u00e8 stata rigenerata ed \u00e8 stata data una nuova vita a un&#8217;area che \u00e8 stata ferma per decenni. Un evento del genere \u00e8 stato sicuramente un boost per velocizzare certi processi di trasformazione&#8221;, ha detto ancora Sirena.<br \/>&#8211; foto IPA Agency &#8211;<br \/>(ITALPRESS).<\/div>\n<div id=\"div-gpt-ad-Messinaoggi.it-DSK-300x250-corpoart\" style=\"text-align:center;margin:0 auto;\"><\/div><\/p><div id=\"videoincontent\" style=\"clear:both\";><\/div>","protected":false},"excerpt":{"rendered":"<p>NAPOLI (ITALPRESS) &#8211; &#8220;Sar\u00e0 bello regatare nelle acque di casa. Noi rappresentiamo non solo un Circolo ma anche un Paese intero&#8221;. Cos\u00ec, in un video realizzato da &#8220;Sport e Salute&#8221;, l&#8217;amministratore delegato di Luna Rossa, Max Sirena.&#8220;Penso che quella del 2027, in Italia, a Napoli, sar\u00e0 la Coppa America pi\u00f9 bella di sempre. Luna Rossa [&hellip;]<\/p>\n","protected":false},"author":18,"featured_media":273606,"comment_status":"closed","ping_status":"closed","sticky":false,"template":"","format":"standard","meta":{"ub_ctt_via":"","_mi_skip_tracking":false},"categories":[446],"tags":[783],"featured_image_src":"https:\/\/www.messinaoggi.it\/website\/wp-content\/uploads\/2026\/09\/20260906_0426.jpg","author_info":{"display_name":"Admin","author_link":"https:\/\/www.messinaoggi.it\/website\/author\/admin\/"},"digistream_id":0,"digistream":false,"_links":{"self":[{"href":"https:\/\/www.messinaoggi.it\/website\/wp-json\/wp\/v2\/posts\/273605"}],"collection":[{"href":"https:\/\/www.messinaoggi.it\/website\/wp-json\/wp\/v2\/posts"}],"about":[{"href":"https:\/\/www.messinaoggi.it\/website\/wp-json\/wp\/v2\/types\/post"}],"author":[{"embeddable":true,"href":"https:\/\/www.messinaoggi.it\/website\/wp-json\/wp\/v2\/users\/18"}],"replies":[{"embeddable":true,"href":"https:\/\/www.messinaoggi.it\/website\/wp-json\/wp\/v2\/comments?post=273605"}],"version-history":[{"count":0,"href":"https:\/\/www.messinaoggi.it\/website\/wp-json\/wp\/v2\/posts\/273605\/revisions"}],"wp:featuredmedia":[{"embeddable":true,"href":"https:\/\/www.messinaoggi.it\/website\/wp-json\/wp\/v2\/media\/273606"}],"wp:attachment":[{"href":"https:\/\/www.messinaoggi.it\/website\/wp-json\/wp\/v2\/media?parent=273605"}],"wp:term":[{"taxonomy":"category","embeddable":true,"href":"https:\/\/www.messinaoggi.it\/website\/wp-json\/wp\/v2\/categories?post=273605"},{"taxonomy":"post_tag","embeddable":true,"href":"https:\/\/www.messinaoggi.it\/website\/wp-json\/wp\/v2\/tags?post=273605"}],"curies":[{"name":"wp","href":"https:\/\/api.w.org\/{rel}","templated":true}]}}