{"id":273595,"date":"2026-09-06T11:09:41","date_gmt":"2026-09-06T09:09:41","guid":{"rendered":"https:\/\/www.messinaoggi.it\/website\/2026\/09\/06\/schlein-basta-disfattismo-su-ue-serve-salto-in-avanti-sullintegrazione\/"},"modified":"2026-09-06T11:09:41","modified_gmt":"2026-09-06T09:09:41","slug":"schlein-basta-disfattismo-su-ue-serve-salto-in-avanti-sullintegrazione","status":"publish","type":"post","link":"https:\/\/www.messinaoggi.it\/website\/2026\/09\/06\/schlein-basta-disfattismo-su-ue-serve-salto-in-avanti-sullintegrazione\/","title":{"rendered":"Schlein \u201cBasta disfattismo su Ue, serve salto in avanti sull\u2019integrazione\u201d"},"content":{"rendered":"<div>CERNOBBIO (ITALPRESS) &#8211; &#8220;Sono d&#8217;accordo con quanto detto da De Molli in apertura: basta disfattismo sull&#8217;Europa. L&#8217;Europa con tutti i suoi limiti e difetti \u00e8 il miglior antidoto nell&#8217;essere un modello cooperativo e democratico, \u00e8 il miglior antidoto per non finire schiacciati da questo smantellamento del multilateralismo che vuol dire pure passare alla legge del pi\u00f9 ricco e del pi\u00f9 forte&#8221;. Lo ha detto la segretaria del Pd Elly Schlein, intervenendo al panel dedicato alle opposizioni al Forum Teha di Cernobbio.<br \/>&#8220;E credo di dire una cosa piuttosto banale se sottolineo che non siamo noi il pi\u00f9 ricco e il pi\u00f9 forte &#8211; prosegue la segretaria -. Allora, quello che voglio dire, come spesso ci ricorda il Presidente della Repubblica Mattarella, \u00e8 che noi abbiamo bisogno di un salto in avanti dell&#8217;integrazione europea&#8221;. &#8220;Se prima era un tema che appassionava alcuni di noi, come me, una federalista europea convinta, oggi non \u00e8 pi\u00f9 un dibattito per addetti ai lavori, \u00e8 una questione di sopravvivenza dell&#8217;Unione Europea in un quadro geopolitico cos\u00ec profondamente mutato&#8221;, conclude.<br \/>-foto Ipa Agency-<br \/>(ITALPRESS).<\/div>\n<div id=\"div-gpt-ad-Messinaoggi.it-DSK-300x250-corpoart\" style=\"text-align:center;margin:0 auto;\"><\/div><\/p><div id=\"videoincontent\" style=\"clear:both\";><\/div>","protected":false},"excerpt":{"rendered":"<p>CERNOBBIO (ITALPRESS) &#8211; &#8220;Sono d&#8217;accordo con quanto detto da De Molli in apertura: basta disfattismo sull&#8217;Europa. L&#8217;Europa con tutti i suoi limiti e difetti \u00e8 il miglior antidoto nell&#8217;essere un modello cooperativo e democratico, \u00e8 il miglior antidoto per non finire schiacciati da questo smantellamento del multilateralismo che vuol dire pure passare alla legge del [&hellip;]<\/p>\n","protected":false},"author":18,"featured_media":273596,"comment_status":"closed","ping_status":"closed","sticky":false,"template":"","format":"standard","meta":{"ub_ctt_via":"","_mi_skip_tracking":false},"categories":[446],"tags":[783],"featured_image_src":"https:\/\/www.messinaoggi.it\/website\/wp-content\/uploads\/2026\/09\/20260906_0143.jpg","author_info":{"display_name":"Admin","author_link":"https:\/\/www.messinaoggi.it\/website\/author\/admin\/"},"digistream_id":0,"digistream":false,"_links":{"self":[{"href":"https:\/\/www.messinaoggi.it\/website\/wp-json\/wp\/v2\/posts\/273595"}],"collection":[{"href":"https:\/\/www.messinaoggi.it\/website\/wp-json\/wp\/v2\/posts"}],"about":[{"href":"https:\/\/www.messinaoggi.it\/website\/wp-json\/wp\/v2\/types\/post"}],"author":[{"embeddable":true,"href":"https:\/\/www.messinaoggi.it\/website\/wp-json\/wp\/v2\/users\/18"}],"replies":[{"embeddable":true,"href":"https:\/\/www.messinaoggi.it\/website\/wp-json\/wp\/v2\/comments?post=273595"}],"version-history":[{"count":0,"href":"https:\/\/www.messinaoggi.it\/website\/wp-json\/wp\/v2\/posts\/273595\/revisions"}],"wp:featuredmedia":[{"embeddable":true,"href":"https:\/\/www.messinaoggi.it\/website\/wp-json\/wp\/v2\/media\/273596"}],"wp:attachment":[{"href":"https:\/\/www.messinaoggi.it\/website\/wp-json\/wp\/v2\/media?parent=273595"}],"wp:term":[{"taxonomy":"category","embeddable":true,"href":"https:\/\/www.messinaoggi.it\/website\/wp-json\/wp\/v2\/categories?post=273595"},{"taxonomy":"post_tag","embeddable":true,"href":"https:\/\/www.messinaoggi.it\/website\/wp-json\/wp\/v2\/tags?post=273595"}],"curies":[{"name":"wp","href":"https:\/\/api.w.org\/{rel}","templated":true}]}}