{"id":273567,"date":"2026-09-05T17:09:36","date_gmt":"2026-09-05T15:09:36","guid":{"rendered":"https:\/\/www.messinaoggi.it\/website\/2026\/09\/05\/amorim-pronto-per-juve-milan-ma-tutte-le-partite-sono-big-match\/"},"modified":"2026-09-05T17:09:36","modified_gmt":"2026-09-05T15:09:36","slug":"amorim-pronto-per-juve-milan-ma-tutte-le-partite-sono-big-match","status":"publish","type":"post","link":"https:\/\/www.messinaoggi.it\/website\/2026\/09\/05\/amorim-pronto-per-juve-milan-ma-tutte-le-partite-sono-big-match\/","title":{"rendered":"Amorim pronto per Juve-Milan \u201cMa tutte le partite sono big match\u201d"},"content":{"rendered":"<div>MILANO (ITALPRESS) &#8211;<strong> Vigilia di big match per il Milan<\/strong>, atteso domani alle 20.45 dalla sfida contro la<strong> Juventus all&#8217;Allianz Stadium.<\/strong> Ruben Amorim ha presentato la gara in conferenza stampa, soffermandosi sul momento della squadra, sul mercato, sulle scelte di formazione e sulla gestione del gruppo in vista di un periodo particolarmente intenso.<div id=\"div-gpt-ad-Messinaoggi.it-DSK-300x250-corpoart\" style=\"text-align:center;margin:0 auto;\"><\/div><\/p>\n<p>Il tecnico rossonero ha innanzitutto parlato del proprio rapporto con i giocatori: <em><strong>&#8220;I ragazzi sono esseri umani, io sono leader dello spogliatoio e cerco di aiutarli.<\/strong> Sul campo devo farli lavorare bene per poter vincere partite e trofei. Sono molto attento e esigente. Fuori dal campo cerco di aiutarli&#8221;<\/em>.<div id=\"videoincontent\" style=\"clear:both\";><\/div><\/p>\n<p>Amorim ha poi fatto il punto sulla presenza dei vertici societari e sul mercato estivo, promuovendo senza esitazioni il lavoro svolto dal club:<em> &#8220;Sono abituato alla presenza di Gerry Cardinale e Massimo Calvelli. Mercato? Sono molto felice, tutti possono vedere che abbiamo dei top player che ci aiuteranno anche in futuro. Nel club tutti devono essere allineati sul mercato, se qualcuno non \u00e8 convinto non si prende un giocatore, siamo stati allineati su tutto&#8221;.<\/em><\/p>\n<p>Il tecnico ha quindi spiegato la decisione di reintegrare<strong> Tomori,<\/strong> tornato a disposizione anche alla luce del problema accusato da <strong>Gabbia:<\/strong> <em>&#8220;Matteo non sappiamo quanto star\u00e0 fuori, ha avuto un problema simile a quello di Gila. Ci sar\u00e0 un momento in cui faremo 4 partite in 10 giorni. Poi ho visto allenarsi bene Tomori, ha esperienza e quindi la decisione migliore \u00e8 stata reintegrarlo&#8221;.<br \/>\n<\/em><br \/>\nIl bilancio sul mercato \u00e8 particolarmente positivo: &#8220;<em>Se dovessi dare un voto, darei dieci, i miei giocatori sono i migliori al mondo. Cercheremo di fare il massimo. Nessuna squadra al mondo ha ogni caratteristica&#8221;.<\/em> Sulla formazione, invece, il tecnico non ha voluto svelare le proprie carte: <em>&#8220;L&#8217;undici di partenza non lo dir\u00f2, Moreira ha due settimane di allenamento. Lo vedo pi\u00f9 preparato, resta un&#8217;opzione. Cos\u00ec come Rabiot, in ruoli diversi&#8221;<\/em>.<\/p>\n<p>Amorim ha glissato sulle parole di <strong>Cristian Chivu sulla questione degli scontri diretti<\/strong>: <em>&#8220;La mia unica preoccupazione \u00e8 sulle nostre partite e sul lavoro da fare. Se vinciamo saremo primi, insieme ad altre squadre. Se abbiamo bisogno di parole come quelle per vincere abbiamo un problema. La posizione dell&#8217;anno scorso ci dice che dobbiamo lavorare molto per arrivare dove vogliamo. Per me il Milan \u00e8 il miglior club italiano, ma in 20 anni abbiamo vinto poco, c&#8217;\u00e8 qualcosa che non va, non serve ce lo dica Chivu, lo sappiamo. Concentriamoci su di noi, non su Chivu&#8221;.<\/em><\/p>\n<p>L&#8217;allenatore rossonero ha quindi ribadito l&#8217;importanza della sfida contro la Juventus: <em>&#8220;Tutte le partite sono importanti, non esistono partite piccole e big match<\/em> &#8211; ha aggiunto -. <em>Quando si lavora in una grande squadra ogni partita \u00e8 un big match. Sar\u00e0 un bel banco di prova contro una grande squadra, in trasferta. Sono entusiasta e penso che la mia squadra sia preparata. Io sono pronto, queste partite importanti sono uguali in ogni Paese del mondo&#8221;.<\/em><\/p>\n<p>Sul calendario fitto delle prossime settimane, Amorim ha annunciato una gestione attenta delle energie: <em>&#8220;Tutti i giocatori avranno un minutaggio. Non si pu\u00f2 prevedere l&#8217;andamento della stagione. Questa sequenza di partite non l&#8217;ho vissuta nemmeno in Premier League. Faremo delle rotazioni&#8221;<\/em>.<\/p>\n<p>Infine, il tecnico del Milan ha espresso parole di stima per<strong> Luciano Spalletti<\/strong>: <em>&#8220;Non ha bisogno di presentazioni. E&#8217; un allenatore con tante qualit\u00e0, intelligente e conosce bene il campionato. Mi piace come gioca. Sar\u00e0 un match duro, siamo a inizio stagione. Siamo pronti e so che lo saranno anche loro&#8221;.<br \/>\n<\/em><br \/>\n&#8211; Foto: Ipa Agency &#8211;<br \/>\n(ITALPRESS).<\/div>\n","protected":false},"excerpt":{"rendered":"<p>MILANO (ITALPRESS) &#8211; Vigilia di big match per il Milan, atteso domani alle 20.45 dalla sfida contro la Juventus all&#8217;Allianz Stadium. Ruben Amorim ha presentato la gara in conferenza stampa, soffermandosi sul momento della squadra, sul mercato, sulle scelte di formazione e sulla gestione del gruppo in vista di un periodo particolarmente intenso. Il tecnico [&hellip;]<\/p>\n","protected":false},"author":18,"featured_media":273568,"comment_status":"closed","ping_status":"closed","sticky":false,"template":"","format":"standard","meta":{"ub_ctt_via":"","_mi_skip_tracking":false},"categories":[446],"tags":[783],"featured_image_src":"https:\/\/www.messinaoggi.it\/website\/wp-content\/uploads\/2026\/09\/20260905_0837.jpg","author_info":{"display_name":"Admin","author_link":"https:\/\/www.messinaoggi.it\/website\/author\/admin\/"},"digistream_id":0,"digistream":false,"_links":{"self":[{"href":"https:\/\/www.messinaoggi.it\/website\/wp-json\/wp\/v2\/posts\/273567"}],"collection":[{"href":"https:\/\/www.messinaoggi.it\/website\/wp-json\/wp\/v2\/posts"}],"about":[{"href":"https:\/\/www.messinaoggi.it\/website\/wp-json\/wp\/v2\/types\/post"}],"author":[{"embeddable":true,"href":"https:\/\/www.messinaoggi.it\/website\/wp-json\/wp\/v2\/users\/18"}],"replies":[{"embeddable":true,"href":"https:\/\/www.messinaoggi.it\/website\/wp-json\/wp\/v2\/comments?post=273567"}],"version-history":[{"count":0,"href":"https:\/\/www.messinaoggi.it\/website\/wp-json\/wp\/v2\/posts\/273567\/revisions"}],"wp:featuredmedia":[{"embeddable":true,"href":"https:\/\/www.messinaoggi.it\/website\/wp-json\/wp\/v2\/media\/273568"}],"wp:attachment":[{"href":"https:\/\/www.messinaoggi.it\/website\/wp-json\/wp\/v2\/media?parent=273567"}],"wp:term":[{"taxonomy":"category","embeddable":true,"href":"https:\/\/www.messinaoggi.it\/website\/wp-json\/wp\/v2\/categories?post=273567"},{"taxonomy":"post_tag","embeddable":true,"href":"https:\/\/www.messinaoggi.it\/website\/wp-json\/wp\/v2\/tags?post=273567"}],"curies":[{"name":"wp","href":"https:\/\/api.w.org\/{rel}","templated":true}]}}