{"id":273562,"date":"2026-09-05T15:09:36","date_gmt":"2026-09-05T13:09:36","guid":{"rendered":"https:\/\/www.messinaoggi.it\/website\/2026\/09\/05\/rinviato-il-rientro-di-alessandro-di-battista-in-italia-e-stato-operato-a-cuba\/"},"modified":"2026-09-05T15:09:36","modified_gmt":"2026-09-05T13:09:36","slug":"rinviato-il-rientro-di-alessandro-di-battista-in-italia-e-stato-operato-a-cuba","status":"publish","type":"post","link":"https:\/\/www.messinaoggi.it\/website\/2026\/09\/05\/rinviato-il-rientro-di-alessandro-di-battista-in-italia-e-stato-operato-a-cuba\/","title":{"rendered":"Rinviato il rientro di Alessandro Di Battista in Italia, \u00e8 stato operato a Cuba"},"content":{"rendered":"<div>ROMA (ITALPRESS) &#8211; Il rientro di Alessandro Di Battista \u00e8 stato rinviato. L&#8217;ex parlamentare del Movimento 5 Stelle \u00e8 stato operato a L&#8217;Avana, come riporta il Corriere della Sera. Per questo motivo il suo trasferimento \u00e8 stato rimandato a data da destinarsi. Di Battista si trova ricoverato a Cuba dopo un malore. Questa mattina l&#8217;associazione da lui fondata, Schierarsi, con una breve nota aveva annunciato il rinvio del suo rientro in Italia che sarebbe dovuto avvenire nel pomeriggio di oggi con un un&#8217;aeroambulanza, i cui costi sono coperti dalla compagnia assicurativa con la quale aveva stipulato una polizza prima della partenza.<br \/>(ITALPRESS).<br \/>-Foto: IPA Agency-<\/div>\n<div id=\"div-gpt-ad-Messinaoggi.it-DSK-300x250-corpoart\" style=\"text-align:center;margin:0 auto;\"><\/div><\/p><div id=\"videoincontent\" style=\"clear:both\";><\/div>","protected":false},"excerpt":{"rendered":"<p>ROMA (ITALPRESS) &#8211; Il rientro di Alessandro Di Battista \u00e8 stato rinviato. L&#8217;ex parlamentare del Movimento 5 Stelle \u00e8 stato operato a L&#8217;Avana, come riporta il Corriere della Sera. Per questo motivo il suo trasferimento \u00e8 stato rimandato a data da destinarsi. Di Battista si trova ricoverato a Cuba dopo un malore. Questa mattina l&#8217;associazione [&hellip;]<\/p>\n","protected":false},"author":18,"featured_media":273563,"comment_status":"closed","ping_status":"closed","sticky":false,"template":"","format":"standard","meta":{"ub_ctt_via":"","_mi_skip_tracking":false},"categories":[446],"tags":[783],"featured_image_src":"https:\/\/www.messinaoggi.it\/website\/wp-content\/uploads\/2026\/09\/20260905_0779.jpg","author_info":{"display_name":"Admin","author_link":"https:\/\/www.messinaoggi.it\/website\/author\/admin\/"},"digistream_id":0,"digistream":false,"_links":{"self":[{"href":"https:\/\/www.messinaoggi.it\/website\/wp-json\/wp\/v2\/posts\/273562"}],"collection":[{"href":"https:\/\/www.messinaoggi.it\/website\/wp-json\/wp\/v2\/posts"}],"about":[{"href":"https:\/\/www.messinaoggi.it\/website\/wp-json\/wp\/v2\/types\/post"}],"author":[{"embeddable":true,"href":"https:\/\/www.messinaoggi.it\/website\/wp-json\/wp\/v2\/users\/18"}],"replies":[{"embeddable":true,"href":"https:\/\/www.messinaoggi.it\/website\/wp-json\/wp\/v2\/comments?post=273562"}],"version-history":[{"count":0,"href":"https:\/\/www.messinaoggi.it\/website\/wp-json\/wp\/v2\/posts\/273562\/revisions"}],"wp:featuredmedia":[{"embeddable":true,"href":"https:\/\/www.messinaoggi.it\/website\/wp-json\/wp\/v2\/media\/273563"}],"wp:attachment":[{"href":"https:\/\/www.messinaoggi.it\/website\/wp-json\/wp\/v2\/media?parent=273562"}],"wp:term":[{"taxonomy":"category","embeddable":true,"href":"https:\/\/www.messinaoggi.it\/website\/wp-json\/wp\/v2\/categories?post=273562"},{"taxonomy":"post_tag","embeddable":true,"href":"https:\/\/www.messinaoggi.it\/website\/wp-json\/wp\/v2\/tags?post=273562"}],"curies":[{"name":"wp","href":"https:\/\/api.w.org\/{rel}","templated":true}]}}