{"id":273560,"date":"2026-09-05T15:09:34","date_gmt":"2026-09-05T13:09:34","guid":{"rendered":"https:\/\/www.messinaoggi.it\/website\/2026\/09\/05\/mattarella-non-si-e-stranieri-a-casa-propria\/"},"modified":"2026-09-05T16:39:39","modified_gmt":"2026-09-05T14:39:39","slug":"mattarella-non-si-e-stranieri-a-casa-propria","status":"publish","type":"post","link":"https:\/\/www.messinaoggi.it\/website\/2026\/09\/05\/mattarella-non-si-e-stranieri-a-casa-propria\/","title":{"rendered":"Mattarella \u201cNon si \u00e8 stranieri a casa propria\u201d"},"content":{"rendered":"<div>ROMA (ITALPRESS) &#8211; &#8220;Le due giovani Repubbliche &#8211; rinata con l&#8217;indipendenza quella austriaca e istituita dal referendum quella italiana &#8211; vollero con saggezza, invece, affermare, con l&#8217;accordo, un principio opposto. Principio ribadito nella Costituzione Italiana: non si \u00e8 &#8216;allogen\u00ec, stranieri, a casa propria. Sono diritti scolpiti all&#8217;art.3 della nostra Carta&#8221;. Cos\u00ec il presidente della Repubblica, Sergio Mattarella, a Merano per l&#8217;80\u00b0 anniversario dell&#8217;autonomia della Regione Trentino Alto Adige. &#8220;Repubblica e autonomie hanno accompagnato lo sviluppo della democrazia italiana in questi decenni. La Repubblica Italiana, fin dal suo sorgere, ha ritenuto che valorizzare le specificit\u00e0 delle comunit\u00e0 collocate alle frontiere fosse un arricchimento dei valori di convivenza della nostra civilt\u00e0. Condizione che l&#8217;Unione Europea ha saputo far crescere ulteriormente, dando sempre maggiore spessore alla nostra comune cultura&#8221;, ha aggiunto. <br \/>(ITALPRESS).<br \/>-Foto: Quirinale-<\/div>\n<div id=\"div-gpt-ad-Messinaoggi.it-DSK-300x250-corpoart\" style=\"text-align:center;margin:0 auto;\"><\/div><\/p><div id=\"videoincontent\" style=\"clear:both\";><\/div>","protected":false},"excerpt":{"rendered":"<p>ROMA (ITALPRESS) &#8211; &#8220;Le due giovani Repubbliche &#8211; rinata con l&#8217;indipendenza quella austriaca e istituita dal referendum quella italiana &#8211; vollero con saggezza, invece, affermare, con l&#8217;accordo, un principio opposto. Principio ribadito nella Costituzione Italiana: non si \u00e8 &#8216;allogen\u00ec, stranieri, a casa propria. Sono diritti scolpiti all&#8217;art.3 della nostra Carta&#8221;. Cos\u00ec il presidente della Repubblica, [&hellip;]<\/p>\n","protected":false},"author":18,"featured_media":273561,"comment_status":"closed","ping_status":"closed","sticky":false,"template":"","format":"standard","meta":{"ub_ctt_via":"","_mi_skip_tracking":false},"categories":[446,4],"tags":[783],"featured_image_src":"https:\/\/www.messinaoggi.it\/website\/wp-content\/uploads\/2026\/09\/20260905_0767.jpg","author_info":{"display_name":"Admin","author_link":"https:\/\/www.messinaoggi.it\/website\/author\/admin\/"},"digistream_id":0,"digistream":false,"_links":{"self":[{"href":"https:\/\/www.messinaoggi.it\/website\/wp-json\/wp\/v2\/posts\/273560"}],"collection":[{"href":"https:\/\/www.messinaoggi.it\/website\/wp-json\/wp\/v2\/posts"}],"about":[{"href":"https:\/\/www.messinaoggi.it\/website\/wp-json\/wp\/v2\/types\/post"}],"author":[{"embeddable":true,"href":"https:\/\/www.messinaoggi.it\/website\/wp-json\/wp\/v2\/users\/18"}],"replies":[{"embeddable":true,"href":"https:\/\/www.messinaoggi.it\/website\/wp-json\/wp\/v2\/comments?post=273560"}],"version-history":[{"count":1,"href":"https:\/\/www.messinaoggi.it\/website\/wp-json\/wp\/v2\/posts\/273560\/revisions"}],"predecessor-version":[{"id":273564,"href":"https:\/\/www.messinaoggi.it\/website\/wp-json\/wp\/v2\/posts\/273560\/revisions\/273564"}],"wp:featuredmedia":[{"embeddable":true,"href":"https:\/\/www.messinaoggi.it\/website\/wp-json\/wp\/v2\/media\/273561"}],"wp:attachment":[{"href":"https:\/\/www.messinaoggi.it\/website\/wp-json\/wp\/v2\/media?parent=273560"}],"wp:term":[{"taxonomy":"category","embeddable":true,"href":"https:\/\/www.messinaoggi.it\/website\/wp-json\/wp\/v2\/categories?post=273560"},{"taxonomy":"post_tag","embeddable":true,"href":"https:\/\/www.messinaoggi.it\/website\/wp-json\/wp\/v2\/tags?post=273560"}],"curies":[{"name":"wp","href":"https:\/\/api.w.org\/{rel}","templated":true}]}}