{"id":273558,"date":"2026-09-05T15:09:33","date_gmt":"2026-09-05T13:09:33","guid":{"rendered":"https:\/\/www.messinaoggi.it\/website\/2026\/09\/05\/stagione-finita-per-pogacar-ma-rinnova-con-la-uae-emirates-xrg-fino-al-2032\/"},"modified":"2026-09-05T15:09:33","modified_gmt":"2026-09-05T13:09:33","slug":"stagione-finita-per-pogacar-ma-rinnova-con-la-uae-emirates-xrg-fino-al-2032","status":"publish","type":"post","link":"https:\/\/www.messinaoggi.it\/website\/2026\/09\/05\/stagione-finita-per-pogacar-ma-rinnova-con-la-uae-emirates-xrg-fino-al-2032\/","title":{"rendered":"Stagione finita per Pogacar ma rinnova con la UAE Emirates XRG fino al 2032"},"content":{"rendered":"<div>ROMA (ITALPRESS) &#8211; Tadej Pogacar torner\u00e0 in sella solo il prossimo anno ma sar\u00e0 ancora su una bici della UAE Team Emirates XRG e cos\u00ec fino al 2032. Una settimana dopo la caduta alla Vuelta di Spagna che lo ha costretto al ritiro mentre era saldamente al comando della classifica generale, il corridore sloveno &#8211; 28 anni il prossimo 21 settembre &#8211; allunga per altri sei anni il suo legame col team che lo ha lanciato fra i pro nel 2019. Al contempo Pogacar annuncia per\u00f2 di chiudere in anticipo la stagione: niente Mondiali n\u00e8 Il Lombardia, dove si \u00e8 aggiudicato le ultime cinque edizioni. &#8220;Fin dall&#8217;inizio, questa squadra mi \u00e8 sembrata casa &#8211; commenta sul rinnovo -. Siamo cresciuti insieme nel corso degli anni e abbiamo condiviso momenti incredibili, quindi sono molto felice di prolungare il mio contratto fino al 2032. C&#8217;\u00e8 ancora molto che voglio ottenere in questo sport e credo che questo sia il posto giusto per farlo. Sono molto grato per la fiducia che la squadra ha riposto in me e sono entusiasta di ci\u00f2 che potremo continuare a costruire insieme&#8221;. Come detto, stagione 2026 in archivio in anticipo viste le conseguenze della caduta di sabato scorso dove ha rimediato una commozione cerebrale, una frattura scomposta della clavicola sinistra &#8211; per la quale \u00e8 stato operato -, una frattura cervicale C7 stabile e multiple abrasioni. &#8220;In questo momento, la cosa pi\u00f9 importante \u00e8 recuperare nel modo giusto e dare al mio corpo il tempo di cui ha bisogno&#8221;, chiosa Pogacar, con la UAE Team Emirates XRG che gli d\u00e0 appuntamento al 2027.<br \/>In questa stagione lo sloveno si \u00e8 aggiudicato Giro di Svizzera e Tour oltre ad aver vinto le Strade Bianche, la Milano-Sanremo, il Fiandre e la Liegi.<br \/>&#8211; foto Ipa Agency &#8211;<br \/>(ITALPRESS).<\/div>\n<div id=\"div-gpt-ad-Messinaoggi.it-DSK-300x250-corpoart\" style=\"text-align:center;margin:0 auto;\"><\/div><\/p><div id=\"videoincontent\" style=\"clear:both\";><\/div>","protected":false},"excerpt":{"rendered":"<p>ROMA (ITALPRESS) &#8211; Tadej Pogacar torner\u00e0 in sella solo il prossimo anno ma sar\u00e0 ancora su una bici della UAE Team Emirates XRG e cos\u00ec fino al 2032. Una settimana dopo la caduta alla Vuelta di Spagna che lo ha costretto al ritiro mentre era saldamente al comando della classifica generale, il corridore sloveno &#8211; [&hellip;]<\/p>\n","protected":false},"author":18,"featured_media":273559,"comment_status":"closed","ping_status":"closed","sticky":false,"template":"","format":"standard","meta":{"ub_ctt_via":"","_mi_skip_tracking":false},"categories":[446],"tags":[783],"featured_image_src":"https:\/\/www.messinaoggi.it\/website\/wp-content\/uploads\/2026\/09\/20260905_0460.jpg","author_info":{"display_name":"Admin","author_link":"https:\/\/www.messinaoggi.it\/website\/author\/admin\/"},"digistream_id":0,"digistream":false,"_links":{"self":[{"href":"https:\/\/www.messinaoggi.it\/website\/wp-json\/wp\/v2\/posts\/273558"}],"collection":[{"href":"https:\/\/www.messinaoggi.it\/website\/wp-json\/wp\/v2\/posts"}],"about":[{"href":"https:\/\/www.messinaoggi.it\/website\/wp-json\/wp\/v2\/types\/post"}],"author":[{"embeddable":true,"href":"https:\/\/www.messinaoggi.it\/website\/wp-json\/wp\/v2\/users\/18"}],"replies":[{"embeddable":true,"href":"https:\/\/www.messinaoggi.it\/website\/wp-json\/wp\/v2\/comments?post=273558"}],"version-history":[{"count":0,"href":"https:\/\/www.messinaoggi.it\/website\/wp-json\/wp\/v2\/posts\/273558\/revisions"}],"wp:featuredmedia":[{"embeddable":true,"href":"https:\/\/www.messinaoggi.it\/website\/wp-json\/wp\/v2\/media\/273559"}],"wp:attachment":[{"href":"https:\/\/www.messinaoggi.it\/website\/wp-json\/wp\/v2\/media?parent=273558"}],"wp:term":[{"taxonomy":"category","embeddable":true,"href":"https:\/\/www.messinaoggi.it\/website\/wp-json\/wp\/v2\/categories?post=273558"},{"taxonomy":"post_tag","embeddable":true,"href":"https:\/\/www.messinaoggi.it\/website\/wp-json\/wp\/v2\/tags?post=273558"}],"curies":[{"name":"wp","href":"https:\/\/api.w.org\/{rel}","templated":true}]}}