{"id":273550,"date":"2026-09-05T10:19:36","date_gmt":"2026-09-05T08:19:36","guid":{"rendered":"https:\/\/www.messinaoggi.it\/website\/2026\/09\/05\/palazzo-dorleans-no-a-un-rinvio-generalizzato-dellinizio-delle-lezioni-in-sicilia-autonomia-a-territori-e-monitoraggio-situazioni-disagio\/"},"modified":"2026-09-05T10:19:36","modified_gmt":"2026-09-05T08:19:36","slug":"palazzo-dorleans-no-a-un-rinvio-generalizzato-dellinizio-delle-lezioni-in-sicilia-autonomia-a-territori-e-monitoraggio-situazioni-disagio","status":"publish","type":"post","link":"https:\/\/www.messinaoggi.it\/website\/2026\/09\/05\/palazzo-dorleans-no-a-un-rinvio-generalizzato-dellinizio-delle-lezioni-in-sicilia-autonomia-a-territori-e-monitoraggio-situazioni-disagio\/","title":{"rendered":"Palazzo d\u2019Orleans, no a un rinvio generalizzato dell\u2019inizio delle lezioni in Sicilia: autonomia a territori e monitoraggio situazioni disagio"},"content":{"rendered":"<div>\n<p>PALERMO (ITALPRESS) \u2013<strong> Palazzo d\u2019Orl\u00e9ans segue \u201ccon attenzione\u201d le richieste di rinvio dell\u2019inizio delle lezioni che stanno arrivando in queste ore da diverse parti della Sicilia<\/strong>, sollecitazioni comprensibili anche alla luce delle temperature ancora elevate. Il governo regionale \u2013 si legge in una nota \u2013 non ritiene, tuttavia,<em> \u201copportuno adottare un provvedimento generalizzato valido per tutte le scuole dell\u2019Isola\u201d<\/em>. La normativa consente, infatti, nell\u2019ambito dell\u2019autonomia scolastica, ai Consigli di circolo e d\u2019istituto di modulare l\u2019avvio delle attivit\u00e0 didattiche in base alle specifiche esigenze locali, fermo restando il rispetto del numero minimo di giorni di lezione previsto dal calendario scolastico e dalle disposizioni vigenti, con il recupero delle giornate eventualmente differite.<div id=\"div-gpt-ad-Messinaoggi.it-DSK-300x250-corpoart\" style=\"text-align:center;margin:0 auto;\"><\/div><\/p>\n<p>La linea di Palazzo d\u2019Orl\u00e9ans \u2013 prosegue la nota \u2013 \u00e8, quindi, quella di lasciare alle comunit\u00e0 scolastiche la possibilit\u00e0 di valutare le diverse situazioni, evitando una soluzione uniforme che rischierebbe di non tenere conto delle peculiarit\u00e0 dei territori. Il governo regionale continuer\u00e0, comunque, a monitorare con attenzione i casi di particolare disagio, soprattutto laddove le condizioni locali non dovessero trovare un\u2019adeguata risposta da parte delle istituzioni scolastiche competenti.<div id=\"videoincontent\" style=\"clear:both\";><\/div><\/p>\n<p>\u2013 foto IPA Agency \u2013<\/p>\n<p>(ITALPRESS).<\/p>\n<\/div>\n","protected":false},"excerpt":{"rendered":"<p>PALERMO (ITALPRESS) \u2013 Palazzo d\u2019Orl\u00e9ans segue \u201ccon attenzione\u201d le richieste di rinvio dell\u2019inizio delle lezioni che stanno arrivando in queste ore da diverse parti della Sicilia, sollecitazioni comprensibili anche alla luce delle temperature ancora elevate. Il governo regionale \u2013 si legge in una nota \u2013 non ritiene, tuttavia, \u201copportuno adottare un provvedimento generalizzato valido per [&hellip;]<\/p>\n","protected":false},"author":18,"featured_media":273551,"comment_status":"closed","ping_status":"closed","sticky":false,"template":"","format":"standard","meta":{"ub_ctt_via":"","_mi_skip_tracking":false},"categories":[2449],"tags":[783],"featured_image_src":"https:\/\/www.messinaoggi.it\/website\/wp-content\/uploads\/2026\/09\/20220901_1340.jpg","author_info":{"display_name":"Admin","author_link":"https:\/\/www.messinaoggi.it\/website\/author\/admin\/"},"digistream_id":0,"digistream":false,"_links":{"self":[{"href":"https:\/\/www.messinaoggi.it\/website\/wp-json\/wp\/v2\/posts\/273550"}],"collection":[{"href":"https:\/\/www.messinaoggi.it\/website\/wp-json\/wp\/v2\/posts"}],"about":[{"href":"https:\/\/www.messinaoggi.it\/website\/wp-json\/wp\/v2\/types\/post"}],"author":[{"embeddable":true,"href":"https:\/\/www.messinaoggi.it\/website\/wp-json\/wp\/v2\/users\/18"}],"replies":[{"embeddable":true,"href":"https:\/\/www.messinaoggi.it\/website\/wp-json\/wp\/v2\/comments?post=273550"}],"version-history":[{"count":0,"href":"https:\/\/www.messinaoggi.it\/website\/wp-json\/wp\/v2\/posts\/273550\/revisions"}],"wp:featuredmedia":[{"embeddable":true,"href":"https:\/\/www.messinaoggi.it\/website\/wp-json\/wp\/v2\/media\/273551"}],"wp:attachment":[{"href":"https:\/\/www.messinaoggi.it\/website\/wp-json\/wp\/v2\/media?parent=273550"}],"wp:term":[{"taxonomy":"category","embeddable":true,"href":"https:\/\/www.messinaoggi.it\/website\/wp-json\/wp\/v2\/categories?post=273550"},{"taxonomy":"post_tag","embeddable":true,"href":"https:\/\/www.messinaoggi.it\/website\/wp-json\/wp\/v2\/tags?post=273550"}],"curies":[{"name":"wp","href":"https:\/\/api.w.org\/{rel}","templated":true}]}}