{"id":273546,"date":"2026-09-05T10:19:33","date_gmt":"2026-09-05T08:19:33","guid":{"rendered":"https:\/\/www.messinaoggi.it\/website\/2026\/09\/05\/museo-giardino-di-santa-rosalia-a-palermo-conclusi-i-lavori-propedeutici-video\/"},"modified":"2026-09-05T10:19:33","modified_gmt":"2026-09-05T08:19:33","slug":"museo-giardino-di-santa-rosalia-a-palermo-conclusi-i-lavori-propedeutici-video","status":"publish","type":"post","link":"https:\/\/www.messinaoggi.it\/website\/2026\/09\/05\/museo-giardino-di-santa-rosalia-a-palermo-conclusi-i-lavori-propedeutici-video\/","title":{"rendered":"Museo Giardino di Santa Rosalia a Palermo, conclusi i lavori propedeutici \/ Video"},"content":{"rendered":"<div>\n<p>PALERMO (ITALPRESS) \u2013 Da spazio di degrado a nuovo polmone verde del centro storico: nel giorno dei festeggiamenti per l\u2019onomastico della Santuzza,<strong> il Museo Giardino di Santa Rosalia \u00e8 pronto a rinascere, sotto la spinta congiunta della Fondazione Sicilia e delle istituzioni del territorio.<\/strong><div id=\"div-gpt-ad-Messinaoggi.it-DSK-300x250-corpoart\" style=\"text-align:center;margin:0 auto;\"><\/div><\/p>\n<p>La conclusione della parte propedeutica alla realizzazione del progetto \u00e8 stata portata avanti dallo studio Mario Cucinella Architects (Mca) e i risultati sono stati illustrati questa mattina a Palazzo Branciforte, sede della Fondazione: presenti in rappresentanza di quest\u2019ultima la presidente Maria Concetta Di Natale e il presidente emerito Raffaele Bonsignore; con loro lo stesso Cucinella, il sindaco di Palermo Roberto Lagalla e l\u2019assessore comunale alla Rigenerazione urbana Maurizio Carta.<div id=\"videoincontent\" style=\"clear:both\";><\/div><\/p>\n<p><strong>L\u2019area del Museo Giardino,<\/strong> che sorge proprio alle spalle di Palazzo Branciforte,<strong> restituisce uno spazio gravato da decenni di abbandono e incuria<\/strong>: gli sforzi della Fondazione Sicilia e la sinergia con Regione, Comune e Soprintendenza ai Beni culturali hanno fatto in modo che la struttura nei prossimi anni possa essere restituita alla cittadinanza, diventando un polo culturale destinato ad accogliere le esposizioni temporanee di Palazzo Branciforte, in modo da ampliare l\u2019offerta complessiva della Fondazione Sicilia.<\/p>\n<p><em>\u201cFinalmente siamo riusciti a raggiungere tappe fondamentali: il permesso del Comune e per costruire e l\u2019avvio dei carotaggi prima e degli scavi dopo<\/em> \u2013 sottolinea<strong> Di Natale<\/strong>, \u2013 <em>Abbiamo quindi adempiuto alle fasi propedeutiche ad avere dalla soprintendenza il permesso per costruire: attendiamo tuttora questo passaggio per dare il via ai lavori di demolizione e in seguito di costruzione di quest\u2019edificio dedicato a Santa Rosalia. Noi abbiamo gi\u00e0 qui il Monte dei Pegni intitolato alla Santuzza: ora vogliamo dedicarle questo Museo Giardino e legare ulteriormente due palazzi, uno modernissimo e uno appartenente alla storia della nostra citt\u00e0\u201d.<\/em><\/p>\n<div style=\"width: 640px;\" class=\"wp-video\"><video class=\"wp-video-shortcode\" id=\"video-739755-1\" width=\"640\" height=\"360\" preload=\"metadata\" controls=\"controls\"><source type=\"video\/mp4\" src=\"https:\/\/video.italpress.com\/storage\/news\/video\/2026\/9\/92c521fb69582b38a5822cad16000f12aef1bd6d.mp4?_=1\"><\/source><a href=\"https:\/\/video.italpress.com\/storage\/news\/video\/2026\/9\/92c521fb69582b38a5822cad16000f12aef1bd6d.mp4\">https:\/\/video.italpress.com\/storage\/news\/video\/2026\/9\/92c521fb69582b38a5822cad16000f12aef1bd6d.mp4<\/a><\/video><\/div>\n<p>La realizzazione del progetto del Museo Giardino, secondo<strong> Bonsignore<\/strong>, \u00e8 stata possibile <em>\u201cgrazie alla cooperazione tra istituzioni: abbiamo collaborato con Regione, Comune e Soprintendenza ai Beni culturali. Questo progetto \u00e8 la prova che se privato e pubblico lavorano in simbiosi si ottiene qualcosa: la Regione ha deciso di rendere disponibile un bene indisponibile, questo alcuni anni fa ha consentito alla Fondazione Sicilia di comprarlo. All\u2019inizio non era possibile realizzare questo progetto, perch\u00e9 il regolamento comunale non consentiva la realizzazione di nuovi edifici in centro storico: con grande maturit\u00e0 politica il Consiglio comunale, all\u2019unanimit\u00e0, ha accolto la possibilit\u00e0 di dare questa concessione in deroga al Piano regolatore. \u00c8 nato quindi un ulteriore accordo tra Comune e Fondazione Sicilia, che ha portato oggi a questo risultato: la Soprintendenza ha operato con il dovuto controllo, in un\u2019ottica non di vincoli ma di fare\u201d.<\/em><\/p>\n<div style=\"width: 640px;\" class=\"wp-video\"><video class=\"wp-video-shortcode\" id=\"video-739755-2\" width=\"640\" height=\"360\" preload=\"metadata\" controls=\"controls\"><source type=\"video\/mp4\" src=\"https:\/\/video.italpress.com\/storage\/news\/video\/2026\/9\/cda80f7faba7088aad546e5ae84a470df74fcb55.mp4?_=2\"><\/source><a href=\"https:\/\/video.italpress.com\/storage\/news\/video\/2026\/9\/cda80f7faba7088aad546e5ae84a470df74fcb55.mp4\">https:\/\/video.italpress.com\/storage\/news\/video\/2026\/9\/cda80f7faba7088aad546e5ae84a470df74fcb55.mp4<\/a><\/video><\/div>\n<p>Per <strong>Carta<\/strong><em> \u201csi tratta di un vero e proprio intervento di rigenerazione urbana, non solo di un importante ampliamento delle capacit\u00e0 espositive di Palazzo Branciforte. Non ci fermiamo al valore dell\u2019opera, ma ne estendiamo effetti, impatti e relazioni all\u2019area circostante: oggi sono stati completati lavori importanti di indagine, che ci permettono di capire se questo progetto potr\u00e0 essere arricchito da ulteriori elementi che potranno mettere in luce e valorizzare i preziosi reperti archeologici attualmente sotto la verifica della Soprintendenza. \u00c8 stata la prima delibera in cui amministrazione e Consiglio comunale hanno infranto quel tab\u00f9 che presidiava il restauro del centro storico, identificando solo l\u2019identit\u00e0 e non l\u2019innovazione: \u00e8 un progetto a cui tutti teniamo, di altissima qualit\u00e0, perch\u00e9 permetter\u00e0 di capire che il metodo \u00e8 questo. Sar\u00e0 inoltre possibile ampliare lo spazio pubblico di questo quartiere: \u00e8 un progetto urbanistico ancor prima che architettonico\u201d.<\/em><\/p>\n<div style=\"width: 640px;\" class=\"wp-video\"><video class=\"wp-video-shortcode\" id=\"video-739755-3\" width=\"640\" height=\"360\" preload=\"metadata\" controls=\"controls\"><source type=\"video\/mp4\" src=\"https:\/\/video.italpress.com\/storage\/news\/video\/2026\/9\/956217fdb52e7f34c2f0d2d46f0a76154391e2d9.mp4?_=3\"><\/source><a href=\"https:\/\/video.italpress.com\/storage\/news\/video\/2026\/9\/956217fdb52e7f34c2f0d2d46f0a76154391e2d9.mp4\">https:\/\/video.italpress.com\/storage\/news\/video\/2026\/9\/956217fdb52e7f34c2f0d2d46f0a76154391e2d9.mp4<\/a><\/video><\/div>\n<p>Per quanto riguarda le tempistiche di completamento della progettazione, aggiunge l\u2019assessore, <em>\u201cconfido, vista la qualit\u00e0 del progetto e la responsabilit\u00e0 della Fondazione Sicilia, che possano essere rapide: in questo momento dobbiamo necessariamente rispettare i tempi della verifica, anche per capire se non possa esserci altro per arricchire il progetto. Io non vedo l\u2019indagine archeologica come un ostacolo: trovare evidenze archeologiche che possano diventare parte del progetto \u00e8 importante. Pertanto da un lato i tempi rapidi sono necessari e inevitabili, dall\u2019altro i tempi giusti ci vogliono perch\u00e9 stiamo trattando materiale prezioso\u201d.<\/em><\/p>\n<p>Il ripristino del Museo Giardino, secondo<strong> Cucinella<\/strong>, risponde a due diverse esigenze di Palermo: <em>\u201cIn parte conservare il centro storico era una politica assolutamente necessaria, in parte per\u00f2 erano rimaste zone incompiute e abbandonate che meritano, anche per la storia di questa citt\u00e0, di essere inserite nell\u2019architettura contemporanea: mi sembra che questo sia un punto di inizio per far capire che questa \u00e8 bella, utile e aggiunge valore alla citt\u00e0. Abbiamo superato le normative preesistenti e c\u2019\u00e8 stata molta collaborazione da parte degli uffici comunali: muoversi dentro il centro storico non \u00e8 facile perch\u00e9 c\u2019\u00e8 un Piano regolatore datatissimo, ma siamo allineati verso l\u2019idea di una cooperazione tra istituzioni. Con le indagini effettuate su richiesta della Soprintendenza abbiamo definito tutto, tra qualche giorno si vedr\u00e0 il risultato di questo sforzo collettivo\u201d.<\/em><\/p>\n<p>\u2013 Foto xd8\/Italpress \u2013<\/p>\n<p>(ITALPRESS).<\/p>\n<\/div>\n","protected":false},"excerpt":{"rendered":"<p>PALERMO (ITALPRESS) \u2013 Da spazio di degrado a nuovo polmone verde del centro storico: nel giorno dei festeggiamenti per l\u2019onomastico della Santuzza, il Museo Giardino di Santa Rosalia \u00e8 pronto a rinascere, sotto la spinta congiunta della Fondazione Sicilia e delle istituzioni del territorio. La conclusione della parte propedeutica alla realizzazione del progetto \u00e8 stata [&hellip;]<\/p>\n","protected":false},"author":18,"featured_media":273547,"comment_status":"closed","ping_status":"closed","sticky":false,"template":"","format":"standard","meta":{"ub_ctt_via":"","_mi_skip_tracking":false},"categories":[2449],"tags":[783],"featured_image_src":"https:\/\/www.messinaoggi.it\/website\/wp-content\/uploads\/2026\/09\/giardino.jpeg","author_info":{"display_name":"Admin","author_link":"https:\/\/www.messinaoggi.it\/website\/author\/admin\/"},"digistream_id":0,"digistream":false,"_links":{"self":[{"href":"https:\/\/www.messinaoggi.it\/website\/wp-json\/wp\/v2\/posts\/273546"}],"collection":[{"href":"https:\/\/www.messinaoggi.it\/website\/wp-json\/wp\/v2\/posts"}],"about":[{"href":"https:\/\/www.messinaoggi.it\/website\/wp-json\/wp\/v2\/types\/post"}],"author":[{"embeddable":true,"href":"https:\/\/www.messinaoggi.it\/website\/wp-json\/wp\/v2\/users\/18"}],"replies":[{"embeddable":true,"href":"https:\/\/www.messinaoggi.it\/website\/wp-json\/wp\/v2\/comments?post=273546"}],"version-history":[{"count":0,"href":"https:\/\/www.messinaoggi.it\/website\/wp-json\/wp\/v2\/posts\/273546\/revisions"}],"wp:featuredmedia":[{"embeddable":true,"href":"https:\/\/www.messinaoggi.it\/website\/wp-json\/wp\/v2\/media\/273547"}],"wp:attachment":[{"href":"https:\/\/www.messinaoggi.it\/website\/wp-json\/wp\/v2\/media?parent=273546"}],"wp:term":[{"taxonomy":"category","embeddable":true,"href":"https:\/\/www.messinaoggi.it\/website\/wp-json\/wp\/v2\/categories?post=273546"},{"taxonomy":"post_tag","embeddable":true,"href":"https:\/\/www.messinaoggi.it\/website\/wp-json\/wp\/v2\/tags?post=273546"}],"curies":[{"name":"wp","href":"https:\/\/api.w.org\/{rel}","templated":true}]}}