{"id":273539,"date":"2026-09-05T09:51:05","date_gmt":"2026-09-05T07:51:05","guid":{"rendered":"http:\/\/www.messinaoggi.it\/website\/?p=273539"},"modified":"2026-09-05T09:51:07","modified_gmt":"2026-09-05T07:51:07","slug":"musolino-scuole-si-pratica-lo-scaricabarile-in-sicilia","status":"publish","type":"post","link":"https:\/\/www.messinaoggi.it\/website\/2026\/09\/05\/musolino-scuole-si-pratica-lo-scaricabarile-in-sicilia\/","title":{"rendered":"Musolino: &#8220;Scuole, si pratica lo scaricabarile in Sicilia&#8221;"},"content":{"rendered":"\n<p>&#8220;<em>A pochi giorni dall&#8217;inizio delle lezioni, di fronte al problema delle aule roventi e a temperature ormai costantemente sopra la media, la pratica dello scaricabarile del governo regionale \u00e8 arrivata ad un livello scientifico: l&#8217;assessore Turano e il presidente Schifani dicono che le scuole sono di propriet\u00e0 degli enti locali ma si attiveranno per fare &#8216;un piano&#8217;! Un piano per fare che cosa? Hanno\u00a0a disposizione\u00a0un censimento degli impianti esistenti o stanno facendo la solita comunicazione propagandistica? E per quale ragione hanno atteso settembre per occuparsene? L\u2019emergenza ambientale oramai non pu\u00f2 neppure essere definita emergenza ma una vera e propria mutata situazione che segna un costante rialzo delle temperature di anno in anno. Ci potevano pensare gi\u00e0 l\u2019anno scorso invece di attendere settembre alla vigilia dell\u2019apertura delle scuole! Le famiglie siciliane sanno bene in quale stato versano gli istituti scolastici e come ogni anno si preparano ad affrontare aule roventi d\u2019estate (come lo erano fino a giugno e durante lo svolgimento degli esami di maturit\u00e0) e come le ritroveranno a settembre, per poi subire invece il freddo nei mesi invernali nei quali ancora una volta si &#8216;scoprir\u00e0&#8217; che gli impianti di riscaldamento non funzionano. Se, come dice l\u2019assessore Turano, la competenza non \u00e8 della Regione, \u00e8 per\u00f2 altrettanto vero che la vigilanza e la programmazione di un piano di finanziamento straordinario spetta alla Regione.\u00a0Cos\u00ec come vale ricordare quel che gi\u00e0 abbiamo dichiarato in tempi non sospetti\u00a0proprio\u00a0sull\u2019occasione mancata del PNRR per l\u2019edilizia scolastica\u00a0siciliana: fondi non spesi per incapacit\u00e0 e insipienza e totale disattenzione verso il diritto allo studio.\u00a0Una ingiustificabile miopia programmatica regionale che oggi ricade addosso agli studenti siciliani e sui loro diritti<\/em>&#8220;. Lo dichiara la Senatrice Dafne Musolino, vice capo gruppo di Italia Viva &#8211; Casa Riformista al Senato.<div id=\"div-gpt-ad-Messinaoggi.it-DSK-300x250-corpoart\" style=\"text-align:center;margin:0 auto;\"><\/div><\/p>\n<div id=\"videoincontent\" style=\"clear:both\";><\/div>","protected":false},"excerpt":{"rendered":"<p>&#8220;A pochi giorni dall&#8217;inizio delle lezioni, di fronte al problema delle aule roventi e a temperature ormai costantemente sopra la media, la pratica dello scaricabarile del governo regionale \u00e8 arrivata ad un livello scientifico: l&#8217;assessore Turano e il presidente Schifani dicono che le scuole sono di propriet\u00e0 degli enti locali ma si attiveranno per fare [&hellip;]<\/p>\n","protected":false},"author":2,"featured_media":247193,"comment_status":"open","ping_status":"open","sticky":false,"template":"","format":"standard","meta":{"ub_ctt_via":"","_mi_skip_tracking":false},"categories":[4],"tags":[1494,167,14050,1471,11201],"featured_image_src":"https:\/\/www.messinaoggi.it\/website\/wp-content\/uploads\/2025\/08\/IMG_0024.jpeg","author_info":{"display_name":"Redazione","author_link":"https:\/\/www.messinaoggi.it\/website\/author\/redazione\/"},"digistream_id":0,"digistream":false,"_links":{"self":[{"href":"https:\/\/www.messinaoggi.it\/website\/wp-json\/wp\/v2\/posts\/273539"}],"collection":[{"href":"https:\/\/www.messinaoggi.it\/website\/wp-json\/wp\/v2\/posts"}],"about":[{"href":"https:\/\/www.messinaoggi.it\/website\/wp-json\/wp\/v2\/types\/post"}],"author":[{"embeddable":true,"href":"https:\/\/www.messinaoggi.it\/website\/wp-json\/wp\/v2\/users\/2"}],"replies":[{"embeddable":true,"href":"https:\/\/www.messinaoggi.it\/website\/wp-json\/wp\/v2\/comments?post=273539"}],"version-history":[{"count":1,"href":"https:\/\/www.messinaoggi.it\/website\/wp-json\/wp\/v2\/posts\/273539\/revisions"}],"predecessor-version":[{"id":273540,"href":"https:\/\/www.messinaoggi.it\/website\/wp-json\/wp\/v2\/posts\/273539\/revisions\/273540"}],"wp:featuredmedia":[{"embeddable":true,"href":"https:\/\/www.messinaoggi.it\/website\/wp-json\/wp\/v2\/media\/247193"}],"wp:attachment":[{"href":"https:\/\/www.messinaoggi.it\/website\/wp-json\/wp\/v2\/media?parent=273539"}],"wp:term":[{"taxonomy":"category","embeddable":true,"href":"https:\/\/www.messinaoggi.it\/website\/wp-json\/wp\/v2\/categories?post=273539"},{"taxonomy":"post_tag","embeddable":true,"href":"https:\/\/www.messinaoggi.it\/website\/wp-json\/wp\/v2\/tags?post=273539"}],"curies":[{"name":"wp","href":"https:\/\/api.w.org\/{rel}","templated":true}]}}