{"id":273536,"date":"2026-09-05T09:45:27","date_gmt":"2026-09-05T07:45:27","guid":{"rendered":"http:\/\/www.messinaoggi.it\/website\/?p=273536"},"modified":"2026-09-05T09:45:39","modified_gmt":"2026-09-05T07:45:39","slug":"meteo-caldo-fino-a-martedi-ma-poi-arrivano-i-temporali","status":"publish","type":"post","link":"https:\/\/www.messinaoggi.it\/website\/2026\/09\/05\/meteo-caldo-fino-a-martedi-ma-poi-arrivano-i-temporali\/","title":{"rendered":"Meteo: caldo fino a marted\u00ec ma poi arrivano i temporali"},"content":{"rendered":"\n<p><em>L&#8217;anticiclone africano regala altre giornate roventi fino a marted\u00ec, poi da mercoled\u00ec un fronte atlantico apre la strada a temporali diffusi e a un calo delle temperature che potrebbe sfiorare i 10\u00b0C.<\/em><div id=\"div-gpt-ad-Messinaoggi.it-DSK-300x250-corpoart\" style=\"text-align:center;margin:0 auto;\"><\/div><\/p>\n\n\n\n<p>Qui in <a target=\"_blank\" rel=\"noreferrer noopener\" href=\"https:\/\/www.tempoitalia.it\/\">TempoItalia.it<\/a> siamo ripettitivi, ma che non si pu\u00f2 essere di fronte a questo disastro climatico? Ieri, 4 settembre sono stati battuti diversi record storici di temperatura del mese di settembre. Il tutto succede dopo un trimestre segnato da valori termici ben oltre le medie, piogge scarse ma violente e lunghe fasi di caldo intenso, l&#8217;anticiclone subtropicale si \u00e8 ripreso l&#8217;intera Penisola e sta imponendo il proprio diktat su tutte le regioni. Le ultimissime proiezioni collocano le temperature mediamente tra i 5\u00b0C e gli 8-10\u00b0C al di sopra delle medie stagionali, un margine che basta da solo a spiegare perch\u00e9 le massime superino con facilit\u00e0 i 35\u00b0C in gran parte dello Stivale.<div id=\"videoincontent\" style=\"clear:both\";><\/div><\/p>\n\n\n\n<p>Nel pomeriggio di <strong>sabato 5<\/strong> le massime dovrebbero raggiungere i 38\u00b0C nelle aree interne di <strong>Puglia<\/strong> e <strong>Basilicata<\/strong>, mentre l&#8217;<strong>Emilia Romagna<\/strong> torna alla soglia dei 37\u00b0C. Fino a 36\u00b0C sono attesi sulla <strong>Sardegna<\/strong> (eccetto alcune dell&#8217;interno dove si rischiano andora i 40\u00b0C), sulla pianura lombarda che ruota attorno a <a target=\"_blank\" rel=\"noreferrer noopener\" href=\"https:\/\/www.tempoitalia.it\/meteo\/milano\"><strong>Milano<\/strong><\/a>, lungo la <strong>Calabria<\/strong> ionica, nel <strong>Lazio<\/strong> e sulle coste romagnole. Si tratta di valori medi, quindi non vanno escluse punte localizzate &#8211; come detto &#8211; di 40\u00b0C, esattamente come accaduto nelle settimane precedenti quando in <strong>Sardegna<\/strong> erano stati <a target=\"_blank\" rel=\"noreferrer noopener\" href=\"https:\/\/www.tempoitalia.it\/2026\/08\/meteo-news\/caldo-epocale-in-sardegna-superati-i-record-del-1983\/\">superati i record del 1983<\/a>. Il dato pesante \u00e8 un altro: siamo nell&#8217;autunno meteorologico e numeri simili risultano fuori scala.<\/p>\n\n\n\n<p>Il disagio fisico, del resto, era stato messo in conto gi\u00e0 quando avevamo parlato del <a target=\"_blank\" rel=\"noreferrer noopener\" href=\"https:\/\/www.tempoitalia.it\/2026\/09\/meteo-news\/avremo-di-nuovo-disagio-fisico-per-il-caldo-e-afa\/\">ritorno dell&#8217;afa su gran parte del Paese<\/a>.<\/p>\n\n\n\n<h3><strong>Un mare troppo caldo<\/strong><\/h3>\n\n\n\n<p>C&#8217;\u00e8 <strong>una variabile<\/strong> che rende questa fase diversa da una normale coda estiva, e riguarda l&#8217;acqua: il <strong>Mar Mediterraneo<\/strong> sta vivendo una vera e propria ondata di calore, nelle acque attorno all&#8217;<strong>Italia<\/strong> e nel sud della <strong>Francia<\/strong> la temperatura superficiale risulta di 4-5\u00b0C superiore alla media del trentennio di riferimento 1991-2020, con i bacini meridionali che misurano valori fino a 30\u00b0C. Soltanto sull&#8217;estremo lembo orientale del bacino i numeri si avvicinano a quelli tipici del periodo.<\/p>\n\n\n\n<p><strong>Quel surplus di calore<\/strong> immagazzinato \u00e8 energia pronta a essere convertita. <strong>Le tempeste equinoziali<\/strong> prima o poi si manifesteranno sui nostri mari e troveranno condizioni ideali per <strong>trasformare il calore accumulato in movimento e in precipitazione<\/strong>. Attraversando acque tanto calde, i fronti perturbati assorbono quantit\u00e0 elevatissime di umidit\u00e0 e scatenano rovesci capaci di provocare alluvioni e nubifragi: \u00e8 il meccanismo che rende i <a target=\"_blank\" rel=\"noreferrer noopener\" href=\"https:\/\/www.tempoitalia.it\/2026\/08\/wiki-meteo\/temporali-marittimi-nel-mediterraneo-diventano-mostri-di-maltempo\/\">temporali marittimi del bacino veri mostri di maltempo<\/a>. Il <strong>Riscaldamento Globale<\/strong> esaspera il quadro, rendendo le precipitazioni odierne pi\u00f9 intense e pi\u00f9 dannose rispetto al passato.<\/p>\n\n\n\n<h2><strong>La svolta di met\u00e0 settimana<\/strong><\/h2>\n\n\n\n<p>Sul <strong>Nord Europa<\/strong> giungono<strong> conferme sul posizionamento di un&#8217;ampia struttura depressionaria<\/strong> proveniente dal <strong>Nord Atlantico<\/strong> e alimentata da aria particolarmente fresca. Anzi, <strong>a quelle latitudini si tratta ormai di aria fredda a tutti gli effetti<\/strong>, del resto l&#8217;autunno lass\u00f9 inizia a fare sul serio. Il <strong>cambiamento di circolazione<\/strong> si propagher\u00e0 progressivamente verso sud, raggiungendo in primo luogo l&#8217;<strong>Europa Centrale<\/strong> e sfondando poi con decisione sul <strong>Mediterraneo<\/strong>, con conseguente ritirata dell&#8217;anticiclone africano.<\/p>\n\n\n\n<p>Le date sono ormai sempre pi\u00f9 probaboli. L&#8217;ultima fiammata resister\u00e0 fino a <strong>marted\u00ec 8<\/strong>, mentre <strong>mercoled\u00ec 9<\/strong> e soprattutto <strong>gioved\u00ec 10<\/strong> un f<strong>ronte freddo<\/strong> scaccer\u00e0 l&#8217;alta pressione e<strong> porter\u00e0 temporali diffusi<\/strong>, con i fenomeni pi\u00f9 organizzati sulle aree orientali del Paese e sconfinamenti tra <strong>Calabria<\/strong> e <strong>Sicilia<\/strong>. I modelli matematici, che nei giorni scorsi mostravano ancora qualche esitazione, hanno finalmente trovato un accordo su questa tempistica. Ma sulla rotta esatta dei fenomeni, propongo di attendere nuovi aggiornamenti.<\/p>\n\n\n\n<h3><strong>Il crollo termico e la goccia fredda<\/strong><\/h3>\n\n\n\n<p>Nel<strong> fine settimana successivo<\/strong> le temperature potrebbero <strong>letteralmente crollare<\/strong>. Le proiezioni parlano di circa 10\u00b0C in meno praticamente ovunque, e questo significa non soltanto un ritorno alla normalit\u00e0, ma la comparsa di anomalie negative su diverse zone d&#8217;<strong>Italia<\/strong>. Dopo tre mesi di caldo atroce, \u00e8 questa la notizia pi\u00f9 rilevante.<\/p>\n\n\n\n<p>Resta in valutazione<strong> l&#8217;ipotesi di una struttura ciclonica secondaria sui nostri mari<\/strong>, e le ultimissime interpolazioni modellistiche le danno sempre pi\u00f9 credito. La riteniamo plausibile per un motivo semplice: i contrasti termici saranno molto violenti. <strong>Oltre al gradiente termico verticale<\/strong>, che innescher\u00e0 instabilit\u00e0 atmosferica diffusa, la risposta del bacino <strong>potrebbe generare una depressione secondaria vera e propria<\/strong>. Sul posizionamento della goccia fredda occorrer\u00e0 aggiornarsi nei prossimi giorni, <strong>ma qualora dovesse formarsi la fenomenologia risulterebbe organizzata, diffusa e particolarmente intensa<\/strong>. Sarebbe il primo <strong>peggioramento di stampo autunnale<\/strong>, quello che apre la stagione delle <a target=\"_blank\" rel=\"noreferrer noopener\" href=\"https:\/\/www.tempoitalia.it\/2026\/08\/meteo-news\/tempeste-d-autunno-fuori-scala-rispetto-alla-media\/\">tempeste fuori scala rispetto alla media<\/a>. Non finisce qui, perch\u00e9 i modelli matematici suggeriscono un successivo peggioramento in arrivo da nord-ovest, legato a un profondo vortice di bassa pressione tra l&#8217;<strong>Islanda<\/strong> e le <strong>Isole Britanniche<\/strong>.<\/p>\n\n\n\n<h3><strong>Le prospettive per il resto del mese<\/strong><\/h3>\n\n\n\n<p>Il <strong>cambio di circolazione continentale sta avvenendo in modo dirompente<\/strong>, ed \u00e8 la ragione per cui riteniamo che quanto descritto rappresenti uno snodo cruciale. Attenzione per\u00f2 a scambiare la rinfrescata per un debutto stagionale: <strong>le tendenze parlano di un successivo rinforzo dell&#8217;alta pressione,<\/strong> con valori comunque lontani dagli eccessi di questi giorni. <strong>L&#8217;autunno, quello riconoscibile e continuativo, difficilmente si affaccer\u00e0 prima dell&#8217;ultima decade del mese<\/strong>, in linea con quanto emerge dalle <a target=\"_blank\" rel=\"noreferrer noopener\" href=\"https:\/\/www.tempoitalia.it\/2026\/08\/meteo-news\/meteo-autunno-2026-le-piogge-di-settembre-ottobre-e-novembre\/\">proiezioni sulle piogge dei prossimi tre mesi<\/a>.<\/p>\n\n\n\n<p><strong>Da qui a fine mese potranno quindi esserci altre giornate di bel tempo, magari con un nuovo affondo dell&#8217;anticiclone africano e del caldo anomalo<\/strong>. Qualora accadesse, per\u00f2, le probabilit\u00e0 che quella struttura resista a lungo risultano molto basse. Da <strong>gioved\u00ec<\/strong> e <strong>venerd\u00ec<\/strong> prossimi, spazzati via dalle correnti fredde oceaniche, i valori opprimenti saranno un ricordo.<\/p>\n","protected":false},"excerpt":{"rendered":"<p>L&#8217;anticiclone africano regala altre giornate roventi fino a marted\u00ec, poi da mercoled\u00ec un fronte atlantico apre la strada a temporali diffusi e a un calo delle temperature che potrebbe sfiorare i 10\u00b0C. Qui in TempoItalia.it siamo ripettitivi, ma che non si pu\u00f2 essere di fronte a questo disastro climatico? Ieri, 4 settembre sono stati battuti [&hellip;]<\/p>\n","protected":false},"author":2,"featured_media":273537,"comment_status":"open","ping_status":"open","sticky":false,"template":"","format":"standard","meta":{"ub_ctt_via":"","_mi_skip_tracking":false},"categories":[6],"tags":[1494,178,150,2159],"featured_image_src":"https:\/\/www.messinaoggi.it\/website\/wp-content\/uploads\/2026\/09\/6a9bc58a0145a2d77bf3f86e.jpg","author_info":{"display_name":"Redazione","author_link":"https:\/\/www.messinaoggi.it\/website\/author\/redazione\/"},"digistream_id":0,"digistream":false,"_links":{"self":[{"href":"https:\/\/www.messinaoggi.it\/website\/wp-json\/wp\/v2\/posts\/273536"}],"collection":[{"href":"https:\/\/www.messinaoggi.it\/website\/wp-json\/wp\/v2\/posts"}],"about":[{"href":"https:\/\/www.messinaoggi.it\/website\/wp-json\/wp\/v2\/types\/post"}],"author":[{"embeddable":true,"href":"https:\/\/www.messinaoggi.it\/website\/wp-json\/wp\/v2\/users\/2"}],"replies":[{"embeddable":true,"href":"https:\/\/www.messinaoggi.it\/website\/wp-json\/wp\/v2\/comments?post=273536"}],"version-history":[{"count":1,"href":"https:\/\/www.messinaoggi.it\/website\/wp-json\/wp\/v2\/posts\/273536\/revisions"}],"predecessor-version":[{"id":273538,"href":"https:\/\/www.messinaoggi.it\/website\/wp-json\/wp\/v2\/posts\/273536\/revisions\/273538"}],"wp:featuredmedia":[{"embeddable":true,"href":"https:\/\/www.messinaoggi.it\/website\/wp-json\/wp\/v2\/media\/273537"}],"wp:attachment":[{"href":"https:\/\/www.messinaoggi.it\/website\/wp-json\/wp\/v2\/media?parent=273536"}],"wp:term":[{"taxonomy":"category","embeddable":true,"href":"https:\/\/www.messinaoggi.it\/website\/wp-json\/wp\/v2\/categories?post=273536"},{"taxonomy":"post_tag","embeddable":true,"href":"https:\/\/www.messinaoggi.it\/website\/wp-json\/wp\/v2\/tags?post=273536"}],"curies":[{"name":"wp","href":"https:\/\/api.w.org\/{rel}","templated":true}]}}