{"id":273525,"date":"2026-09-04T23:09:35","date_gmt":"2026-09-04T21:09:35","guid":{"rendered":"https:\/\/www.messinaoggi.it\/website\/2026\/09\/04\/meloni-non-ho-mollato-e-non-intendo-farlo-pagine-piu-belle-ancora-da-scrivere\/"},"modified":"2026-09-04T23:09:35","modified_gmt":"2026-09-04T21:09:35","slug":"meloni-non-ho-mollato-e-non-intendo-farlo-pagine-piu-belle-ancora-da-scrivere","status":"publish","type":"post","link":"https:\/\/www.messinaoggi.it\/website\/2026\/09\/04\/meloni-non-ho-mollato-e-non-intendo-farlo-pagine-piu-belle-ancora-da-scrivere\/","title":{"rendered":"Meloni \u201cNon ho mollato e non intendo farlo. Pagine pi\u00f9 belle ancora da scrivere\u201d"},"content":{"rendered":"<div>BARI (ITALPRESS) &#8211; &#8220;Non ci accontentiamo perch\u00e8 se siamo arrivati fin qui significa che possiamo andare ancora avanti, io continuo a credere che le pagine pi\u00f9 belle di questa storia possano essere ancora scritte&#8221;. Cos\u00ec il presidente del Consiglio, Giorgia Meloni, in occasione della festa di FdI per celebrare il record del governo pi\u00f9 longevo della storia della Repubblica, in carica da 1.413 giorni. &#8220;Il nostro traguardo non era raggiungere il record di longevit\u00e0, ma \u00e8 sempre stato molto pi\u00f9 ambizioso. Il nostro traguardo \u00e8 un&#8217;Italia che non chiede pi\u00f9 il permesso a nessuno &#8211; ha aggiunto -. Lo so che 4 anni non bastano, ma so che non intendo arrendermi e non intendo accontentarmi semplicemente perch\u00e8 questa nazione lo merita e finch\u00e8 io avr\u00f2 l&#8217;onore e la possibilit\u00e0 di farlo continuer\u00f2 a combattere, a scommettere e a rilanciare anche quando sar\u00e0 difficile, perch\u00e8 lo sar\u00e0. Quando tra qualche decennio qualcuno racconter\u00e0 questi anni, non mi interessa che si dica che questo \u00e8 stato il governo che \u00e8 durato di pi\u00f9, io voglio che si dica che c&#8217;\u00e8 stato un momento in cui questa nazione ha smesso di rassegnarsi e voglio che si dica che \u00e8 successo perch\u00e8 una generazione di italiani che non era la pi\u00f9 ricca, la pi\u00f9 protetta, non era la pi\u00f9 titolata ha deciso di spingersi oltre quello che gli altri consideravano possibile. E&#8217; esattamente cos\u00ec che quella generazione ha fatto la storia, quella generazione siete voi ed \u00e8 un onore per me servire al vostro fianco &#8211; ha assicurato -. Sono in pace con la coscienza, ce la stiamo mettendo tutta, ma non \u00e8 facile; abbiamo dovuto scardinare incrostazioni di potere vecchie di decenni, ricostruire sul merito la macchina pubblica, convincere una nazione rassegnata e questo richiede pazienza e una montagna di coraggio. In alcuni giorni mi \u00e8 sembrato di nuotare dentro la colla ma non ho mollato mai e non intendo farlo adesso. A chi vuole ostacolarci dico: se pensavate di prenderci per la stanchezza non avete capito con chi avete a che fare&#8221;. <br \/>Dal palco allestito al porto di Bari, dopo aver ringraziato gli alleati di governo intervenuti prima del suo discorso, Antonio Tajani, Matteo Salvini e Maurizio Lupi, oltre al vicepresidente esecutivo della Commissione europea, Raffaele Fitto, la premier si \u00e8 detta emozionata &#8220;perch\u00e8 nessuno di voi \u00e8 venuto qui per una data, diciamo la verit\u00e0, il governo pi\u00f9 stabile non \u00e8 per forza anche il pi\u00f9 capace, ma \u00e8 semplicemente quello che ha avuto pi\u00f9 tempo degli altri per essere giudicato e quel giudizio siete voi con questa presenza e questo entusiasmo. Oggi abbiamo il consenso pi\u00f9 alto di quello che avevamo il primo giorno di questo governo e niente sarebbe stato possibile senza la famiglia del centrodestra. La stabilit\u00e0 \u00e8 la prima grande riforma &#8211; ha assicurato -. Oggi quando l&#8217;Italia siede ai tavoli internazionali tutti sanno che con quell&#8217;interlocutore bisogna farci i conti a lungo, la nostra nazione viene presa sul serio, le battaglia che perdeva l&#8217;Italia oggi le vince. Ecco il valore della stabilit\u00e0 e di avere un consenso popolare. Proponiamo che alle prossime elezioni e alle successive che si possa scegliere la coalizione, il programma e il candidato premier da proporre al Capo dello stato, vogliamo che chiunque vinca abbia i numeri per governare altri 5 anni. Questo significa niente ribaltoni o manovre di palazzo come vorrebbe il Pd, niente compromessi sulla pelle degli italiani&#8221;. <br \/>-foto Ipa Agency-<br \/>(ITALPRESS).<\/div>\n<div id=\"div-gpt-ad-Messinaoggi.it-DSK-300x250-corpoart\" style=\"text-align:center;margin:0 auto;\"><\/div><\/p><div id=\"videoincontent\" style=\"clear:both\";><\/div>","protected":false},"excerpt":{"rendered":"<p>BARI (ITALPRESS) &#8211; &#8220;Non ci accontentiamo perch\u00e8 se siamo arrivati fin qui significa che possiamo andare ancora avanti, io continuo a credere che le pagine pi\u00f9 belle di questa storia possano essere ancora scritte&#8221;. Cos\u00ec il presidente del Consiglio, Giorgia Meloni, in occasione della festa di FdI per celebrare il record del governo pi\u00f9 longevo [&hellip;]<\/p>\n","protected":false},"author":18,"featured_media":273526,"comment_status":"closed","ping_status":"closed","sticky":false,"template":"","format":"standard","meta":{"ub_ctt_via":"","_mi_skip_tracking":false},"categories":[446],"tags":[783],"featured_image_src":"https:\/\/www.messinaoggi.it\/website\/wp-content\/uploads\/2026\/09\/20260904_2396.jpg","author_info":{"display_name":"Admin","author_link":"https:\/\/www.messinaoggi.it\/website\/author\/admin\/"},"digistream_id":0,"digistream":false,"_links":{"self":[{"href":"https:\/\/www.messinaoggi.it\/website\/wp-json\/wp\/v2\/posts\/273525"}],"collection":[{"href":"https:\/\/www.messinaoggi.it\/website\/wp-json\/wp\/v2\/posts"}],"about":[{"href":"https:\/\/www.messinaoggi.it\/website\/wp-json\/wp\/v2\/types\/post"}],"author":[{"embeddable":true,"href":"https:\/\/www.messinaoggi.it\/website\/wp-json\/wp\/v2\/users\/18"}],"replies":[{"embeddable":true,"href":"https:\/\/www.messinaoggi.it\/website\/wp-json\/wp\/v2\/comments?post=273525"}],"version-history":[{"count":0,"href":"https:\/\/www.messinaoggi.it\/website\/wp-json\/wp\/v2\/posts\/273525\/revisions"}],"wp:featuredmedia":[{"embeddable":true,"href":"https:\/\/www.messinaoggi.it\/website\/wp-json\/wp\/v2\/media\/273526"}],"wp:attachment":[{"href":"https:\/\/www.messinaoggi.it\/website\/wp-json\/wp\/v2\/media?parent=273525"}],"wp:term":[{"taxonomy":"category","embeddable":true,"href":"https:\/\/www.messinaoggi.it\/website\/wp-json\/wp\/v2\/categories?post=273525"},{"taxonomy":"post_tag","embeddable":true,"href":"https:\/\/www.messinaoggi.it\/website\/wp-json\/wp\/v2\/tags?post=273525"}],"curies":[{"name":"wp","href":"https:\/\/api.w.org\/{rel}","templated":true}]}}