{"id":273505,"date":"2026-09-04T15:09:38","date_gmt":"2026-09-04T13:09:38","guid":{"rendered":"https:\/\/www.messinaoggi.it\/website\/2026\/09\/04\/gasperini-innamorato-della-roma-dybala-non-ha-niente-di-particolare\/"},"modified":"2026-09-04T15:09:38","modified_gmt":"2026-09-04T13:09:38","slug":"gasperini-innamorato-della-roma-dybala-non-ha-niente-di-particolare","status":"publish","type":"post","link":"https:\/\/www.messinaoggi.it\/website\/2026\/09\/04\/gasperini-innamorato-della-roma-dybala-non-ha-niente-di-particolare\/","title":{"rendered":"Gasperini \u201cInnamorato della Roma, Dybala non ha niente di particolare\u201d"},"content":{"rendered":"<div>ROMA (ITALPRESS) &#8211;<em> &#8220;<strong>Dybala? Non ha avuto niente di particolare, gli esami non hanno evidenziato problemi.<\/strong> Oggi prova, \u00e8 importante che si senta sicuro di poter giocare e che sia tranquillo, \u00e8 una settimana con tre partite importanti in cui bisogna essere al meglio della condizione&#8221;.<\/em> Lo ha detto l&#8217;allenatore della Roma, Gian Piero<strong> Gasperini,<\/strong> in conferenza stampa alla vigilia del match contro l&#8217;Atalanta all&#8217;Olimpico, a proposito delle condizioni dell&#8217;attaccante argentino, alle prese con un affaticamento.<div id=\"div-gpt-ad-Messinaoggi.it-DSK-300x250-corpoart\" style=\"text-align:center;margin:0 auto;\"><\/div><\/p>\n<p><strong><em>&#8220;E&#8217; una settimana con tre partite importanti in cui bisogna essere al meglio della condizione<\/em><\/strong> &#8211; ha aggiunto il mister giallorosso &#8211;<em> Ndicka sta molto meglio, credo che domani sar\u00e0 della partita. Oggi prover\u00e0 anche lui. Bisogna verificare che tutti abbiano recuperato bene. Pellegrini ha iniziato a fare qualcosa con il gruppo, \u00e8 un bel segnale, ma per rivederlo in partita bisogner\u00e0 aspettare la gara contro l&#8217;Inter o la prima dopo la sosta&#8221;. &#8220;Sono innamorato di questo gruppo e di questi giocatori<\/em> &#8211; ha proseguito Gasp &#8211; <em>Questo \u00e8 un ambiente dove hai piacere a venire, dove non ci sono screzi, ed \u00e8 straordinario vedere con quanto piacere si allenino, nonostante il caldo e la fatica. Il merito \u00e8 dei giocatori. Indipendentemente dai risultati, il nostro \u00e8 un ambiente molto sano&#8221;. <\/em><div id=\"videoincontent\" style=\"clear:both\";><\/div><\/p>\n<p><strong><em>&#8220;<\/em><\/strong><em><strong>Questa esperienza mi ha arricchito, sono arrivato in un ambiente molto diverso dopo nove anni di grandi soddisfazioni e integrazione con l&#8217;ambiente di Bergamo<\/strong> &#8211; <\/em>ha sottolineato ancora Gasperini, grande ex della sfida di domani <em>&#8211; Non \u00e8 stata una scelta facile, ma sono felice di averla fatta. In quel momento non c&#8217;erano pi\u00f9 le condizioni per dare qualcosa di pi\u00f9. Da parte mia, sempre con grande riconoscenza e rispetto, avevo voglia di sentirmi di nuovo vivo. E la piazza di Roma \u00e8 stata il massimo perch\u00e8 \u00e8 quella che ti motiva e stimola&#8221;. &#8220;Intervenire sul mercato degli svincolati? Penso sia molto difficile, non so quali possono essere le opportunit\u00e0 ma non ci conterei moltissimo. Salah-Eddine? Ha avuto parecchie opportunit\u00e0, almeno 3-4, che lui ha rifiutato. Per la Roma ho gi\u00e0 fatto delle scelte dal punto di vista tecnico e lui non rientra tra i piani&#8221;,<\/em> ha concluso Gasp.<\/p>\n<p>&#8211; Foto Ipa Agency &#8211;<br \/>\n(ITALPRESS).<\/p><\/div>\n","protected":false},"excerpt":{"rendered":"<p>ROMA (ITALPRESS) &#8211; &#8220;Dybala? Non ha avuto niente di particolare, gli esami non hanno evidenziato problemi. Oggi prova, \u00e8 importante che si senta sicuro di poter giocare e che sia tranquillo, \u00e8 una settimana con tre partite importanti in cui bisogna essere al meglio della condizione&#8221;. Lo ha detto l&#8217;allenatore della Roma, Gian Piero Gasperini, [&hellip;]<\/p>\n","protected":false},"author":18,"featured_media":273506,"comment_status":"closed","ping_status":"closed","sticky":false,"template":"","format":"standard","meta":{"ub_ctt_via":"","_mi_skip_tracking":false},"categories":[446],"tags":[783],"featured_image_src":"https:\/\/www.messinaoggi.it\/website\/wp-content\/uploads\/2026\/09\/20260904_1191.jpg","author_info":{"display_name":"Admin","author_link":"https:\/\/www.messinaoggi.it\/website\/author\/admin\/"},"digistream_id":0,"digistream":false,"_links":{"self":[{"href":"https:\/\/www.messinaoggi.it\/website\/wp-json\/wp\/v2\/posts\/273505"}],"collection":[{"href":"https:\/\/www.messinaoggi.it\/website\/wp-json\/wp\/v2\/posts"}],"about":[{"href":"https:\/\/www.messinaoggi.it\/website\/wp-json\/wp\/v2\/types\/post"}],"author":[{"embeddable":true,"href":"https:\/\/www.messinaoggi.it\/website\/wp-json\/wp\/v2\/users\/18"}],"replies":[{"embeddable":true,"href":"https:\/\/www.messinaoggi.it\/website\/wp-json\/wp\/v2\/comments?post=273505"}],"version-history":[{"count":0,"href":"https:\/\/www.messinaoggi.it\/website\/wp-json\/wp\/v2\/posts\/273505\/revisions"}],"wp:featuredmedia":[{"embeddable":true,"href":"https:\/\/www.messinaoggi.it\/website\/wp-json\/wp\/v2\/media\/273506"}],"wp:attachment":[{"href":"https:\/\/www.messinaoggi.it\/website\/wp-json\/wp\/v2\/media?parent=273505"}],"wp:term":[{"taxonomy":"category","embeddable":true,"href":"https:\/\/www.messinaoggi.it\/website\/wp-json\/wp\/v2\/categories?post=273505"},{"taxonomy":"post_tag","embeddable":true,"href":"https:\/\/www.messinaoggi.it\/website\/wp-json\/wp\/v2\/tags?post=273505"}],"curies":[{"name":"wp","href":"https:\/\/api.w.org\/{rel}","templated":true}]}}