{"id":273501,"date":"2026-09-04T15:09:33","date_gmt":"2026-09-04T13:09:33","guid":{"rendered":"https:\/\/www.messinaoggi.it\/website\/2026\/09\/04\/a-perugia-nasce-il-comitato-regionale-asc-dellumbria-pacialeo-eletta-presidente\/"},"modified":"2026-09-04T15:09:33","modified_gmt":"2026-09-04T13:09:33","slug":"a-perugia-nasce-il-comitato-regionale-asc-dellumbria-pacialeo-eletta-presidente","status":"publish","type":"post","link":"https:\/\/www.messinaoggi.it\/website\/2026\/09\/04\/a-perugia-nasce-il-comitato-regionale-asc-dellumbria-pacialeo-eletta-presidente\/","title":{"rendered":"A Perugia nasce il Comitato Regionale ASC dell\u2019Umbria, Pacialeo eletta presidente"},"content":{"rendered":"<div>PERUGIA (ITALPRESS) &#8211; Si \u00e8 svolta a Perugia, presso la sede di Confcommercio Umbria, l&#8217;Assemblea Costituente del Comitato Regionale dell&#8217;Umbria di ASC &#8211; Attivit\u00e0 Sportive Confederate, Ente di Promozione Sportiva riconosciuto dal CONI. Si tratta del primo Comitato Regionale costituito nell&#8217;ambito del sistema Confcommercio: un passaggio che segna concretamente l&#8217;integrazione tra il mondo dello sport organizzato e la rete dell&#8217;impresa italiana.<br \/>L&#8217;Assemblea ha riunito numerose associazioni e societ\u00e0 sportive, dirigenti, tecnici e realt\u00e0 del territorio umbro, a testimonianza dell&#8217;interesse con cui il movimento sportivo regionale guarda a una rappresentanza capace di unire sport, professioni e impresa.<br \/>Al tavolo dei lavori Stefano Lupi, Vicepresidente di Confcommercio Umbria; Alessandro Londi, Direttore Generale di ASC e Presidente della FIIS &#8211; Federazione Italiana Imprenditori Sportivi; Valter Vieri, Consigliere ASC e Presidente di EBISport; e Annamaria Pacialeo, Presidente di Confcommercio Professioni Umbria e Consigliere nel Direttivo delle Associazioni Professioni di Confcommercio Nazionale. Gli interventi hanno messo al centro il valore dell&#8217;integrazione tra sport e impresa nel sistema confederale, il ruolo del CCNL Sport e della bilateralit\u00e0 di EBISport a tutela dei lavoratori e delle organizzazioni sportive, e le opportunit\u00e0 che il sistema Confcommercio offre alle realt\u00e0 sportive del territorio.<br \/>Al termine del dibattito, l&#8217;Assemblea ha eletto alla Presidenza del nuovo Comitato Regionale Annamaria Pacialeo. Il Consiglio Regionale risulta composto da Vasco Gargaglia, Stefano Lupi, Giovanni Rubeca e Barbara Carli. Grande elettore dell&#8217;Assemblea, Maddalena Terracina.<br \/>Il Comitato Regionale dell&#8217;Umbria operer\u00e0 per lo sviluppo delle attivit\u00e0 sportive confederate sul territorio, per l&#8217;affiliazione e l&#8217;assistenza di ASD e SSD, per la promozione di eventi e attivit\u00e0 formative e per la costruzione di progettualit\u00e0 condivise con Confcommercio Umbria, cui va il ringraziamento di ASC per la collaborazione e l&#8217;ospitalit\u00e0. <br \/>A conclusione dei lavori \u00e8 stata sottoscritta la Convenzione Quadro di adesione, integrazione confederale e disciplina dei servizi tra ASC, Confederazione dello Sport, FIIS e Confcommercio Umbria: un accordo che rende l&#8217;Umbria la prima Regione in cui il sistema sportivo confederale si integra pienamente nel sistema associativo di Confcommercio.<br \/>Per effetto della Convenzione, le associazioni e societ\u00e0 sportive dilettantistiche affiliate ad ASC, le imprese sportive aderenti a FIIS e i lavoratori sportivi del territorio entrano a far parte del sistema associativo Confcommercio, con l&#8217;accesso ai servizi confederali, alle convenzioni e alle agevolazioni della pi\u00f9 grande rete di rappresentanza d&#8217;impresa del Paese.<br \/>L&#8217;accordo, di durata triennale, prevede inoltre: servizi di consulenza, assistenza amministrativa, fiscale e giuslavoristica dedicati al mondo sportivo; attivit\u00e0 di formazione, sicurezza e welfare in raccordo con EBISport, ente bilaterale del CCNL Sport; spazi, sportelli e segreteria organizzativa presso le sedi Confcommercio; e, in senso inverso, condizioni agevolate per gli associati Confcommercio nell&#8217;accesso a palestre, piscine, centri e impianti sportivi affiliati ASC, insieme a tornei, eventi e programmi di benessere aziendale dedicati alle categorie del commercio, del turismo e dei servizi. Un Tavolo Tecnico Territoriale tra le Parti ne garantir\u00e0 l&#8217;attuazione e il coordinamento.<br \/>&#8220;La costituzione del Comitato Regionale dell&#8217;Umbria e la firma della Convenzione Quadro &#8211; ha dichiarato Alessandro Londi, Direttore Generale di ASC &#8211; rappresentano un modello che mettiamo a disposizione dell&#8217;intero sistema: lo sport come impresa e come servizio alle comunit\u00e0, con una rappresentanza territoriale che unisce associazioni e societ\u00e0 sportive, professionisti e imprese. Da oggi i nostri affiliati umbri sono parte del sistema Confcommercio, con servizi e tutele reali. L&#8217;Umbria apre una strada che intendiamo percorrere in tutte le Regioni, insieme alle Confcommercio territoriali che vorranno condividere questo percorso&#8221;. <br \/>&#8220;Ringrazio l&#8217;Assemblea per la fiducia &#8211; ha aggiunto Annamaria Pacialeo -. Lavoreremo per radicare ASC sul territorio umbro, al fianco delle realt\u00e0 sportive e delle imprese del settore, valorizzando le sinergie con il sistema Confcommercio. Il primo passo concreto arriver\u00e0 gi\u00e0 nella seconda met\u00e0 di settembre, con l&#8217;attivazione presso Confcommercio Umbria dello Sportello PASS &#8211; Punto Assistenza Sport e Sociale: uno sportello di orientamento gratuito rivolto ad associazioni e societ\u00e0 sportive dilettantistiche, lavoratori sportivi ed enti del Terzo Settore, che offrir\u00e0 un primo supporto informativo su adempimenti, lavoro sportivo, registri e opportunit\u00e0 di finanziamento. PASS \u00e8 la rete nazionale promossa da ASC con il sostegno del Ministero del Lavoro e delle Politiche Sociali e ospitata presso le sedi territoriali di Confcommercio: l&#8217;Umbria entra cos\u00ec, da subito, in un sistema di servizi pensato per chi fa sport ogni giorno sul territorio&#8221;.<div id=\"div-gpt-ad-Messinaoggi.it-DSK-300x250-corpoart\" style=\"text-align:center;margin:0 auto;\"><\/div><\/p>\n<p>&#8211; foto ufficio stampa ASC &#8211;<br \/>(ITALPRESS).<\/div>\n<div id=\"videoincontent\" style=\"clear:both\";><\/div>","protected":false},"excerpt":{"rendered":"<p>PERUGIA (ITALPRESS) &#8211; Si \u00e8 svolta a Perugia, presso la sede di Confcommercio Umbria, l&#8217;Assemblea Costituente del Comitato Regionale dell&#8217;Umbria di ASC &#8211; Attivit\u00e0 Sportive Confederate, Ente di Promozione Sportiva riconosciuto dal CONI. Si tratta del primo Comitato Regionale costituito nell&#8217;ambito del sistema Confcommercio: un passaggio che segna concretamente l&#8217;integrazione tra il mondo dello sport [&hellip;]<\/p>\n","protected":false},"author":18,"featured_media":273502,"comment_status":"closed","ping_status":"closed","sticky":false,"template":"","format":"standard","meta":{"ub_ctt_via":"","_mi_skip_tracking":false},"categories":[446],"tags":[783],"featured_image_src":"https:\/\/www.messinaoggi.it\/website\/wp-content\/uploads\/2026\/09\/20260904_0863.jpg","author_info":{"display_name":"Admin","author_link":"https:\/\/www.messinaoggi.it\/website\/author\/admin\/"},"digistream_id":0,"digistream":false,"_links":{"self":[{"href":"https:\/\/www.messinaoggi.it\/website\/wp-json\/wp\/v2\/posts\/273501"}],"collection":[{"href":"https:\/\/www.messinaoggi.it\/website\/wp-json\/wp\/v2\/posts"}],"about":[{"href":"https:\/\/www.messinaoggi.it\/website\/wp-json\/wp\/v2\/types\/post"}],"author":[{"embeddable":true,"href":"https:\/\/www.messinaoggi.it\/website\/wp-json\/wp\/v2\/users\/18"}],"replies":[{"embeddable":true,"href":"https:\/\/www.messinaoggi.it\/website\/wp-json\/wp\/v2\/comments?post=273501"}],"version-history":[{"count":0,"href":"https:\/\/www.messinaoggi.it\/website\/wp-json\/wp\/v2\/posts\/273501\/revisions"}],"wp:featuredmedia":[{"embeddable":true,"href":"https:\/\/www.messinaoggi.it\/website\/wp-json\/wp\/v2\/media\/273502"}],"wp:attachment":[{"href":"https:\/\/www.messinaoggi.it\/website\/wp-json\/wp\/v2\/media?parent=273501"}],"wp:term":[{"taxonomy":"category","embeddable":true,"href":"https:\/\/www.messinaoggi.it\/website\/wp-json\/wp\/v2\/categories?post=273501"},{"taxonomy":"post_tag","embeddable":true,"href":"https:\/\/www.messinaoggi.it\/website\/wp-json\/wp\/v2\/tags?post=273501"}],"curies":[{"name":"wp","href":"https:\/\/api.w.org\/{rel}","templated":true}]}}