{"id":273497,"date":"2026-09-04T12:19:36","date_gmt":"2026-09-04T10:19:36","guid":{"rendered":"https:\/\/www.messinaoggi.it\/website\/2026\/09\/04\/incendio-al-conca-doro-di-palermo-si-riunisce-un-tavolo-di-confronto-permanente-tamajo-niente-allarmismi\/"},"modified":"2026-09-04T12:19:36","modified_gmt":"2026-09-04T10:19:36","slug":"incendio-al-conca-doro-di-palermo-si-riunisce-un-tavolo-di-confronto-permanente-tamajo-niente-allarmismi","status":"publish","type":"post","link":"https:\/\/www.messinaoggi.it\/website\/2026\/09\/04\/incendio-al-conca-doro-di-palermo-si-riunisce-un-tavolo-di-confronto-permanente-tamajo-niente-allarmismi\/","title":{"rendered":"Incendio al Conca d\u2019Oro di Palermo, si riunisce un tavolo di confronto permanente. Tamajo: \u201cNiente allarmismi\u201d"},"content":{"rendered":"<div>\n<p>PALERMO (ITALPRESS) \u2013 Si \u00e8 riunito presso la <strong>sede dell\u2019assessorato alle Attivit\u00e0 produttive della Regione Siciliana<\/strong> un <strong>tavolo di confronto straordinario convocato dall\u2019assessore regionale, Edy Tamajo<\/strong>, per fronteggiare gli sviluppi in seguito all\u2019incendio divampato al centro commerciale <strong>Conca d\u2019Oro di Palermo<\/strong> lo scorso 1 settembre.<div id=\"div-gpt-ad-Messinaoggi.it-DSK-300x250-corpoart\" style=\"text-align:center;margin:0 auto;\"><\/div><\/p>\n<p>L\u2019incontro, durato circa due ore, si \u00e8 svolto alla <strong>presenza del sindaco del capoluogo, Roberto Lagalla<\/strong>, e di una cerchia di rappresentanti sindacali e titolari delle aziende pi\u00f9 colpite. L\u2019incontro ha evidenziato <strong><em>\u201cottimismo\u201d<\/em><\/strong>, parola dell\u2019assessore Tamajo, che ha sottolineato l\u2019analisi generale messa in campo coinvolgendo da subito tutti i soggetti preposti al sostegno economico di lavoratori, famiglie e imprese, per un<strong> tavolo di confronto permanente e gi\u00e0 riconvocato per il prossimo 11 settembre alle ore 10:<\/strong> \u201c<em>C\u2019\u00e8 la volont\u00e0 da parte di tutti gli uffici di procedere in maniera rapidissima alla ricostruzione delle parti del Conca d\u2019Oro interessate dall\u2019incendio. Non vogliamo creare allarmismi e preoccupazioni<\/em> \u2013 sottolinea -, <em>\u00e8 presto per quantificare i lavoratori che potranno tornare operativi<\/em> (dei 1500 circa in totale ndr.). <em>Abbiamo invitato tutti gli uffici competenti, dai Vigili del Fuoco, a Inail, Inps, Curatela fallimentare e le varie propriet\u00e0 immobiliari, cercando di comprendere \u2013 afferma Tamajo \u2013 quali sono i tempi e le questioni rispetto a una riapertura del centro dal punto di vista settoriale, considerando che il 70% della struttura non \u00e8 stata interessata dall\u2019incendio e dai suoi danni\u201d<\/em>.<div id=\"videoincontent\" style=\"clear:both\";><\/div><\/p>\n<p>A domanda specifica sulle tempistiche, l\u2019assessore rimarca come sia \u201c<em>sbagliato\u201d<\/em> parlarne, perch\u00e9 <em>\u201cnel momento in cui lo facciamo e sbagliamo di un giorno dite che la politica non le rispetta\u201d.<\/em><\/p>\n<p>Una fiducia di massima condivisa anche dal<strong> sindaco di Palermo, Roberto Lagalla,<\/strong> che attenziona l\u2019efficienza di un <em>\u201csistema citt\u00e0\u201d<\/em> che in questa occasione ha \u201c<em>funzionato come non mai\u201d.<\/em> <em>\u201cOggi<\/em> \u2013 ricorda il primo cittadino \u2013<em> sar\u00e0 depositata la perizia tecnica del nucleo investigativo dei Vigili del Fuoco, abbiamo buon motivo per dire che i tempi di riapertura del 70% del centro non direttamente colpito siano auspicabilmente molto brevi. Per il restante 30%<\/em> \u2013 dichiara \u2013<em> si deve parlare di un medio termine, che concretizzeremo nella stabilizzazione di questo tavolo presso le attivit\u00e0 produttive\u201d<\/em>.<\/p>\n<p><em>\u201cC\u2019\u00e8 la volont\u00e0 della propriet\u00e0<\/em> \u2013 sottolinea Lagalla -, <em>cos\u00ec come quella di sostenere i lavoratori che resteranno esclusi e l\u2019impegno per creare una procedura autorizzativa per poter tagliare tutti i tempi burocratici ordinari, che non farebbero altro che minare il raggiungimento degli <strong>obiettivi sul piano della pronta rioccupazione dei dipendenti che dell\u2019economia produttiva del territorio\u201d.<\/strong><\/em><\/p>\n<p>-Foto xi6\/Italpress-<br \/>\n(ITALPRESS).<\/p>\n<\/div>\n","protected":false},"excerpt":{"rendered":"<p>PALERMO (ITALPRESS) \u2013 Si \u00e8 riunito presso la sede dell\u2019assessorato alle Attivit\u00e0 produttive della Regione Siciliana un tavolo di confronto straordinario convocato dall\u2019assessore regionale, Edy Tamajo, per fronteggiare gli sviluppi in seguito all\u2019incendio divampato al centro commerciale Conca d\u2019Oro di Palermo lo scorso 1 settembre. L\u2019incontro, durato circa due ore, si \u00e8 svolto alla presenza [&hellip;]<\/p>\n","protected":false},"author":18,"featured_media":273498,"comment_status":"closed","ping_status":"closed","sticky":false,"template":"","format":"standard","meta":{"ub_ctt_via":"","_mi_skip_tracking":false},"categories":[2449],"tags":[783],"featured_image_src":"https:\/\/www.messinaoggi.it\/website\/wp-content\/uploads\/2026\/09\/WhatsApp-Image-2026-09-04-at-12.01.12.jpeg","author_info":{"display_name":"Admin","author_link":"https:\/\/www.messinaoggi.it\/website\/author\/admin\/"},"digistream_id":0,"digistream":false,"_links":{"self":[{"href":"https:\/\/www.messinaoggi.it\/website\/wp-json\/wp\/v2\/posts\/273497"}],"collection":[{"href":"https:\/\/www.messinaoggi.it\/website\/wp-json\/wp\/v2\/posts"}],"about":[{"href":"https:\/\/www.messinaoggi.it\/website\/wp-json\/wp\/v2\/types\/post"}],"author":[{"embeddable":true,"href":"https:\/\/www.messinaoggi.it\/website\/wp-json\/wp\/v2\/users\/18"}],"replies":[{"embeddable":true,"href":"https:\/\/www.messinaoggi.it\/website\/wp-json\/wp\/v2\/comments?post=273497"}],"version-history":[{"count":0,"href":"https:\/\/www.messinaoggi.it\/website\/wp-json\/wp\/v2\/posts\/273497\/revisions"}],"wp:featuredmedia":[{"embeddable":true,"href":"https:\/\/www.messinaoggi.it\/website\/wp-json\/wp\/v2\/media\/273498"}],"wp:attachment":[{"href":"https:\/\/www.messinaoggi.it\/website\/wp-json\/wp\/v2\/media?parent=273497"}],"wp:term":[{"taxonomy":"category","embeddable":true,"href":"https:\/\/www.messinaoggi.it\/website\/wp-json\/wp\/v2\/categories?post=273497"},{"taxonomy":"post_tag","embeddable":true,"href":"https:\/\/www.messinaoggi.it\/website\/wp-json\/wp\/v2\/tags?post=273497"}],"curies":[{"name":"wp","href":"https:\/\/api.w.org\/{rel}","templated":true}]}}