{"id":273495,"date":"2026-09-04T12:19:35","date_gmt":"2026-09-04T10:19:35","guid":{"rendered":"https:\/\/www.messinaoggi.it\/website\/2026\/09\/04\/aeroporto-di-comiso-otto-nuovi-voli-a-settimana-per-un-anno-schifani-nuove-opportunita-per-il-territorio\/"},"modified":"2026-09-04T12:19:35","modified_gmt":"2026-09-04T10:19:35","slug":"aeroporto-di-comiso-otto-nuovi-voli-a-settimana-per-un-anno-schifani-nuove-opportunita-per-il-territorio","status":"publish","type":"post","link":"https:\/\/www.messinaoggi.it\/website\/2026\/09\/04\/aeroporto-di-comiso-otto-nuovi-voli-a-settimana-per-un-anno-schifani-nuove-opportunita-per-il-territorio\/","title":{"rendered":"Aeroporto di Comiso, otto nuovi voli a settimana per un anno. Schifani \u201cNuove opportunit\u00e0 per il territorio\u201d"},"content":{"rendered":"<div>\n<p>PALERMO (ITALPRESS) \u2013 <strong>Otto nuovi voli a settimana per Comiso, per un anno intero<\/strong>. \u00c8 questa la novit\u00e0 che rafforza in maniera significativa il<strong> sistema dei collegamenti dell\u2019aeroporto ibleo. Lo rende noto la Regione Siciliana<\/strong>, sottolineando in una nota che a partire da ottobre e per i successivi dodici mesi, lo scalo vedr\u00e0 infatti un importante potenziamento grazie alla gara del valore complessivo di <strong>3 milioni di euro,<\/strong> indetta dal dipartimento regionale delle Infrastrutture, della mobilit\u00e0 e dei trasporti e aggiudicata ad Aeroitalia.<div id=\"div-gpt-ad-Messinaoggi.it-DSK-300x250-corpoart\" style=\"text-align:center;margin:0 auto;\"><\/div><\/p>\n<p>Il programma, prosegue la nota, prevede la conferma del collegamento con Pisa, con due voli a settimana, e l\u2019attivazione delle rotte per Napoli e Venezia, anch\u2019esse con due frequenze settimanali ciascuna. A queste si aggiungono i collegamenti con Malta, considerati strategici per rafforzare la vocazione internazionale dell\u2019aeroporto e ampliare le opportunit\u00e0 di mobilit\u00e0 per cittadini, imprese e operatori turistici.<div id=\"videoincontent\" style=\"clear:both\";><\/div><\/p>\n<p><em>\u201cAbbiamo deciso da tempo di investire nuove risorse per aumentare capacit\u00e0 e operativit\u00e0 dello scalo di Comiso, che ha dimostrato la sua funzione strategica durante l\u2019ultima emergenza voli causata dalla chiusura dell\u2019aeroporto di Catania-Fontanarossa a causa dell\u2019eruzione dell\u2019Etna<\/em> \u2013 dichiara il <strong>presidente della Regione Siciliana, Renato Schifani<\/strong> \u2013 <em>Abbiamo una strategia chiara: far crescere lo scalo sia sul fronte dei collegamenti passeggeri sia su quello cargo. I nuovi voli e i 47 milioni stanziati dal governo regionale per l\u2019area merci vanno nella stessa direzione: rafforzare il ruolo dell\u2019aeroporto e creare nuove opportunit\u00e0 di sviluppo per tutto il territorio ibleo e la Sicilia sudorientale\u201d<\/em>.<\/p>\n<p><em>\u201cCon questo intervento garantiamo un anno intero di collegamenti, aumentando le frequenze e introducendo nuove destinazioni<\/em> \u2013 dichiara l\u2019<strong>assessore regionale alle Infrastrutture e alla mobilit\u00e0, Alessandro Aric\u00f2<\/strong> <em>\u2013 L\u2019investimento di 3 milioni di euro rappresenta una scelta concreta a sostegno dell\u2019aeroporto e del territorio ibleo. Pisa viene confermata, mentre Napoli e Venezia entrano stabilmente nel quadro dei collegamenti e Malta aggiunge un\u2019importante dimensione internazionale. Comiso non \u00e8 e non pu\u00f2 essere considerato un aeroporto di serie B. Il nostro obiettivo \u00e8 garantire allo scalo le condizioni per esprimere pienamente il proprio potenziale, a beneficio del turismo, delle imprese e dell\u2019intera economia del territorio. Per troppo tempo si \u00e8 parlato di annunci e promesse. Oggi parliamo invece di risorse stanziate, di un servizio garantito per dodici mesi, di nuove rotte e di collegamenti internazionali. Sono risultati concreti\u201d<\/em>.<\/p>\n<p>Il rafforzamento dei collegamenti rappresenta un\u2019opportunit\u00e0 importante per il territorio della provincia di Ragusa e per l\u2019intera Sicilia sudorientale, che potr\u00e0 contare su una maggiore accessibilit\u00e0 sia verso importanti citt\u00e0 italiane sia verso una destinazione internazionale.<\/p>\n<p><em>\u201cSempre pi\u00f9 risultati. \u00c8 questa la direzione che dobbiamo seguire<\/em> \u2013 conclude Aric\u00f2 \u2013 <em>Comiso continua a volare e deve farlo con una programmazione stabile e con collegamenti capaci di sostenere lo sviluppo del territorio. Dal 27 settembre avremo una ragione in pi\u00f9 per guardare al futuro dello scalo con fiducia\u201d.<\/em><\/p>\n<p>-Foto IPA Agency-<br \/>\n(ITALPRESS).<\/p>\n<\/div>\n","protected":false},"excerpt":{"rendered":"<p>PALERMO (ITALPRESS) \u2013 Otto nuovi voli a settimana per Comiso, per un anno intero. \u00c8 questa la novit\u00e0 che rafforza in maniera significativa il sistema dei collegamenti dell\u2019aeroporto ibleo. Lo rende noto la Regione Siciliana, sottolineando in una nota che a partire da ottobre e per i successivi dodici mesi, lo scalo vedr\u00e0 infatti un [&hellip;]<\/p>\n","protected":false},"author":18,"featured_media":273496,"comment_status":"closed","ping_status":"closed","sticky":false,"template":"","format":"standard","meta":{"ub_ctt_via":"","_mi_skip_tracking":false},"categories":[2449],"tags":[783],"featured_image_src":"https:\/\/www.messinaoggi.it\/website\/wp-content\/uploads\/2026\/09\/Schifani-IPA-2026-1-e1779884109173.jpg","author_info":{"display_name":"Admin","author_link":"https:\/\/www.messinaoggi.it\/website\/author\/admin\/"},"digistream_id":0,"digistream":false,"_links":{"self":[{"href":"https:\/\/www.messinaoggi.it\/website\/wp-json\/wp\/v2\/posts\/273495"}],"collection":[{"href":"https:\/\/www.messinaoggi.it\/website\/wp-json\/wp\/v2\/posts"}],"about":[{"href":"https:\/\/www.messinaoggi.it\/website\/wp-json\/wp\/v2\/types\/post"}],"author":[{"embeddable":true,"href":"https:\/\/www.messinaoggi.it\/website\/wp-json\/wp\/v2\/users\/18"}],"replies":[{"embeddable":true,"href":"https:\/\/www.messinaoggi.it\/website\/wp-json\/wp\/v2\/comments?post=273495"}],"version-history":[{"count":0,"href":"https:\/\/www.messinaoggi.it\/website\/wp-json\/wp\/v2\/posts\/273495\/revisions"}],"wp:featuredmedia":[{"embeddable":true,"href":"https:\/\/www.messinaoggi.it\/website\/wp-json\/wp\/v2\/media\/273496"}],"wp:attachment":[{"href":"https:\/\/www.messinaoggi.it\/website\/wp-json\/wp\/v2\/media?parent=273495"}],"wp:term":[{"taxonomy":"category","embeddable":true,"href":"https:\/\/www.messinaoggi.it\/website\/wp-json\/wp\/v2\/categories?post=273495"},{"taxonomy":"post_tag","embeddable":true,"href":"https:\/\/www.messinaoggi.it\/website\/wp-json\/wp\/v2\/tags?post=273495"}],"curies":[{"name":"wp","href":"https:\/\/api.w.org\/{rel}","templated":true}]}}