{"id":273491,"date":"2026-09-04T11:09:42","date_gmt":"2026-09-04T09:09:42","guid":{"rendered":"https:\/\/www.messinaoggi.it\/website\/2026\/09\/04\/mattarella-tornino-a-prevalere-modalita-di-convivenza-pacifica\/"},"modified":"2026-09-04T11:09:42","modified_gmt":"2026-09-04T09:09:42","slug":"mattarella-tornino-a-prevalere-modalita-di-convivenza-pacifica","status":"publish","type":"post","link":"https:\/\/www.messinaoggi.it\/website\/2026\/09\/04\/mattarella-tornino-a-prevalere-modalita-di-convivenza-pacifica\/","title":{"rendered":"Mattarella \u201cTornino a prevalere modalit\u00e0 di convivenza pacifica\u201d"},"content":{"rendered":"<div>CERNOBBIO (COMO) (ITALPRESS) &#8211; &#8220;Il contributo dell&#8217;Europa a un ordinamento internazionale equo e condiviso \u00e8 prezioso e, su questo terreno, deve saper giocare assumendo iniziative piuttosto che attestarsi su moduli di mera difesa. I necessari e urgenti cambiamenti nel funzionamento delle sue istituzioni, nella composizione, nella tempestivit\u00e0 delle decisioni, nelle priorit\u00e0, sono indispensabili per affermare le volont\u00e0 espresse dalla sovranit\u00e0 dei popoli che in essa si riuniscono&#8221;. Lo ha detto il presidente della Repubblica Sergio Mattarella, in un messaggio letto in apertura della prima giornata del Forum Ambrosetti a Cernobbio. &#8220;Le societ\u00e0 civili dei vari Paesi, il sistema delle imprese, sanno di avere una responsabilit\u00e0 speciale e un ruolo nel consentire all&#8217;Unione di essere rilevante, di avere una propria identit\u00e0, per continuare a rappresentare un modello virtuoso cui ispirare le relazioni internazionali&#8221;, ha aggiunto poi il Capo di Stato, sottolineando che &#8220;l&#8217;attuale contesto internazionale non ammette indugi. Occorre un chiaro percorso di azione affinch\u00e8 tornino a prevalere modalit\u00e0 di convivenza pacifica in seno alla Comunit\u00e0 degli Stati in un quadro giuridico e istituzionale condiviso e rispettato&#8221;.<br \/>&#8220;In assenza di questo presupposto, sono messe a dura prova le<br \/>stesse prospettive di un&#8217;economia mondiale prospera e in crescita<br \/>costante e duratura &#8211; ha concluso Mattarella -. I temi affrontati<br \/>nel corso delle diverse sessioni saranno utili a far emergere<br \/>spunti di riflessione, idee e proposte&#8221;.<div id=\"div-gpt-ad-Messinaoggi.it-DSK-300x250-corpoart\" style=\"text-align:center;margin:0 auto;\"><\/div><\/p>\n<p>&#8211; foto Ipa Agency &#8211;<br \/>(ITALPRESS).<\/div>\n<div id=\"videoincontent\" style=\"clear:both\";><\/div>","protected":false},"excerpt":{"rendered":"<p>CERNOBBIO (COMO) (ITALPRESS) &#8211; &#8220;Il contributo dell&#8217;Europa a un ordinamento internazionale equo e condiviso \u00e8 prezioso e, su questo terreno, deve saper giocare assumendo iniziative piuttosto che attestarsi su moduli di mera difesa. I necessari e urgenti cambiamenti nel funzionamento delle sue istituzioni, nella composizione, nella tempestivit\u00e0 delle decisioni, nelle priorit\u00e0, sono indispensabili per affermare [&hellip;]<\/p>\n","protected":false},"author":18,"featured_media":273492,"comment_status":"closed","ping_status":"closed","sticky":false,"template":"","format":"standard","meta":{"ub_ctt_via":"","_mi_skip_tracking":false},"categories":[446],"tags":[783],"featured_image_src":"https:\/\/www.messinaoggi.it\/website\/wp-content\/uploads\/2026\/09\/20260904_0425.jpg","author_info":{"display_name":"Admin","author_link":"https:\/\/www.messinaoggi.it\/website\/author\/admin\/"},"digistream_id":0,"digistream":false,"_links":{"self":[{"href":"https:\/\/www.messinaoggi.it\/website\/wp-json\/wp\/v2\/posts\/273491"}],"collection":[{"href":"https:\/\/www.messinaoggi.it\/website\/wp-json\/wp\/v2\/posts"}],"about":[{"href":"https:\/\/www.messinaoggi.it\/website\/wp-json\/wp\/v2\/types\/post"}],"author":[{"embeddable":true,"href":"https:\/\/www.messinaoggi.it\/website\/wp-json\/wp\/v2\/users\/18"}],"replies":[{"embeddable":true,"href":"https:\/\/www.messinaoggi.it\/website\/wp-json\/wp\/v2\/comments?post=273491"}],"version-history":[{"count":0,"href":"https:\/\/www.messinaoggi.it\/website\/wp-json\/wp\/v2\/posts\/273491\/revisions"}],"wp:featuredmedia":[{"embeddable":true,"href":"https:\/\/www.messinaoggi.it\/website\/wp-json\/wp\/v2\/media\/273492"}],"wp:attachment":[{"href":"https:\/\/www.messinaoggi.it\/website\/wp-json\/wp\/v2\/media?parent=273491"}],"wp:term":[{"taxonomy":"category","embeddable":true,"href":"https:\/\/www.messinaoggi.it\/website\/wp-json\/wp\/v2\/categories?post=273491"},{"taxonomy":"post_tag","embeddable":true,"href":"https:\/\/www.messinaoggi.it\/website\/wp-json\/wp\/v2\/tags?post=273491"}],"curies":[{"name":"wp","href":"https:\/\/api.w.org\/{rel}","templated":true}]}}