{"id":273472,"date":"2026-09-04T09:09:36","date_gmt":"2026-09-04T07:09:36","guid":{"rendered":"https:\/\/www.messinaoggi.it\/website\/2026\/09\/04\/meloni-governo-piu-longevo-della-storia-grazie-a-coalizione-unita-e-italiani\/"},"modified":"2026-09-04T10:17:41","modified_gmt":"2026-09-04T08:17:41","slug":"meloni-governo-piu-longevo-della-storia-grazie-a-coalizione-unita-e-italiani","status":"publish","type":"post","link":"https:\/\/www.messinaoggi.it\/website\/2026\/09\/04\/meloni-governo-piu-longevo-della-storia-grazie-a-coalizione-unita-e-italiani\/","title":{"rendered":"Meloni: \u201cGoverno pi\u00f9 longevo della storia, grazie a coalizione unita e italiani\u201d"},"content":{"rendered":"<div>ROMA (ITALPRESS) &#8211; &#8220;Oggi il nostro Governo diventa il pi\u00f9 longevo della storia della Repubblica italiana&#8221;. Lo scrive il presidente del Consiglio, Giorgia Meloni, sui suoi social. &#8220;E&#8217; un dato &#8211; prosegue Meloni &#8211; che accolgo con gratitudine e con un forte senso di responsabilit\u00e0. Perch\u00e8 la stabilit\u00e0 non \u00e8 un record da esibire, ma la condizione che consente a una Nazione di programmare, decidere, mantenere gli impegni e farsi rispettare. In questi anni abbiamo lavorato per aumentare l&#8217;occupazione, ridurre la disoccupazione, sostenere famiglie e imprese, rafforzare la sicurezza, governare i conti pubblici con seriet\u00e0 e restituire all&#8217;Italia peso e credibilit\u00e0 sulla scena internazionale. I risultati ci sono, ma sappiamo bene quante cose restino ancora da fare&#8221;. &#8220;Questa stabilit\u00e0 &#8211; sottolinea &#8211; non \u00e8 merito di una persona sola. E&#8217; il risultato di una coalizione unita, che governa da quattro anni con una visione comune e che ha scelto di stare insieme non contro qualcuno, ma per realizzare un progetto per l&#8217;Italia. Non credo sia un caso che, da oggi, i tre Governi pi\u00f9 longevi della storia repubblicana siano tutti governi di centrodestra. La stabilit\u00e0 si costruisce quando un&#8217;alleanza condivide valori, obiettivi e una visione della Nazione, non quando l&#8217;unica ragione per stare insieme \u00e8 impedire agli altri di governare&#8221;. &#8220;Ma soprattutto, questa stabilit\u00e0 esiste grazie agli italiani che nel 2022 ci hanno dato fiducia &#8211; aggiunge -. Una fiducia che non abbiamo mai considerato un assegno in bianco e che non daremo mai per scontata&#8221;. &#8220;Il prossimo anno torneremo  davanti ai cittadini con quello che abbiamo fatto, con quello che resta da fare e con la nostra idea di futuro. E saranno ancora una volta loro a decidere se meritiamo di continuare questo cammino. Intanto il lavoro va avanti. E questa sera ci vediamo a Bari, insieme alla grande comunit\u00e0 di Fratelli d&#8217;Italia. Sar\u00e0 l&#8217;occasione per guardarci negli occhi, fare il punto sulla strada percorsa e, soprattutto, parlare di quella che abbiamo ancora davanti. Avanti, con i piedi per terra e lo sguardo rivolto al futuro&#8221;, conclude Giorgia Meloni. (ITALPRESS).<div id=\"div-gpt-ad-Messinaoggi.it-DSK-300x250-corpoart\" style=\"text-align:center;margin:0 auto;\"><\/div><\/p>\n<p>Foto: Ipa Agency<div id=\"videoincontent\" style=\"clear:both\";><\/div><\/p><\/div>\n","protected":false},"excerpt":{"rendered":"<p>ROMA (ITALPRESS) &#8211; &#8220;Oggi il nostro Governo diventa il pi\u00f9 longevo della storia della Repubblica italiana&#8221;. Lo scrive il presidente del Consiglio, Giorgia Meloni, sui suoi social. &#8220;E&#8217; un dato &#8211; prosegue Meloni &#8211; che accolgo con gratitudine e con un forte senso di responsabilit\u00e0. Perch\u00e8 la stabilit\u00e0 non \u00e8 un record da esibire, ma [&hellip;]<\/p>\n","protected":false},"author":18,"featured_media":273473,"comment_status":"closed","ping_status":"closed","sticky":false,"template":"","format":"standard","meta":{"ub_ctt_via":"","_mi_skip_tracking":false},"categories":[446,4],"tags":[783],"featured_image_src":"https:\/\/www.messinaoggi.it\/website\/wp-content\/uploads\/2026\/09\/20260904_0132.jpg","author_info":{"display_name":"Admin","author_link":"https:\/\/www.messinaoggi.it\/website\/author\/admin\/"},"digistream_id":0,"digistream":false,"_links":{"self":[{"href":"https:\/\/www.messinaoggi.it\/website\/wp-json\/wp\/v2\/posts\/273472"}],"collection":[{"href":"https:\/\/www.messinaoggi.it\/website\/wp-json\/wp\/v2\/posts"}],"about":[{"href":"https:\/\/www.messinaoggi.it\/website\/wp-json\/wp\/v2\/types\/post"}],"author":[{"embeddable":true,"href":"https:\/\/www.messinaoggi.it\/website\/wp-json\/wp\/v2\/users\/18"}],"replies":[{"embeddable":true,"href":"https:\/\/www.messinaoggi.it\/website\/wp-json\/wp\/v2\/comments?post=273472"}],"version-history":[{"count":1,"href":"https:\/\/www.messinaoggi.it\/website\/wp-json\/wp\/v2\/posts\/273472\/revisions"}],"predecessor-version":[{"id":273481,"href":"https:\/\/www.messinaoggi.it\/website\/wp-json\/wp\/v2\/posts\/273472\/revisions\/273481"}],"wp:featuredmedia":[{"embeddable":true,"href":"https:\/\/www.messinaoggi.it\/website\/wp-json\/wp\/v2\/media\/273473"}],"wp:attachment":[{"href":"https:\/\/www.messinaoggi.it\/website\/wp-json\/wp\/v2\/media?parent=273472"}],"wp:term":[{"taxonomy":"category","embeddable":true,"href":"https:\/\/www.messinaoggi.it\/website\/wp-json\/wp\/v2\/categories?post=273472"},{"taxonomy":"post_tag","embeddable":true,"href":"https:\/\/www.messinaoggi.it\/website\/wp-json\/wp\/v2\/tags?post=273472"}],"curies":[{"name":"wp","href":"https:\/\/api.w.org\/{rel}","templated":true}]}}