{"id":273444,"date":"2026-09-03T15:09:42","date_gmt":"2026-09-03T13:09:42","guid":{"rendered":"https:\/\/www.messinaoggi.it\/website\/2026\/09\/03\/governo-locatelli-stabilita-decisiva-per-incidere-su-famiglie-e-imprese\/"},"modified":"2026-09-03T15:09:42","modified_gmt":"2026-09-03T13:09:42","slug":"governo-locatelli-stabilita-decisiva-per-incidere-su-famiglie-e-imprese","status":"publish","type":"post","link":"https:\/\/www.messinaoggi.it\/website\/2026\/09\/03\/governo-locatelli-stabilita-decisiva-per-incidere-su-famiglie-e-imprese\/","title":{"rendered":"Governo, Locatelli \u201cStabilit\u00e0 decisiva per incidere su famiglie e imprese\u201d"},"content":{"rendered":"<div>ROMA (ITALPRESS) &#8211; La stabilit\u00e0 economica e la credibilit\u00e0 conquistata dall&#8217;Italia sul piano internazionale sono tra i principali risultati che il governo pu\u00f2 rivendicare dopo aver raggiunto il traguardo della maggiore longevit\u00e0 nella storia della Repubblica. Lo ha detto all&#8217;Italpress la ministra per la Disabilit\u00e0 Alessandra Locatelli. &#8220;Quando \u00e8 nato questo governo, dicevano che avremmo litigato e saremmo caduti dopo poco&#8221;, oppure &#8220;che sarebbe stato un disastro per l&#8217;economia italiana e che avremmo fatto delle figuracce&#8221; a livello internazionale. &#8220;Invece, dopo quattro anni, siamo qui con un riscontro di immagine, di seriet\u00e0 e di credibilit\u00e0 nei confronti degli altri Paesi. Non ci interessa il giorno in pi\u00f9 o il giorno in meno, ci interessa che grazie alla stabilit\u00e0 di questo governo abbiamo potuto portare avanti diverse misure e diversi provvedimenti&#8221;, che hanno cambiato concretamente la vita degli italiani, come il superamento del Reddito di cittadinanza e il rafforzamento dell&#8217;Assegno di inclusione, insieme alle politiche per favorire il lavoro, l&#8217;abitazione e le infrastrutture. &#8220;Abbiamo investito sulle capacit\u00e0 lavorative delle persone&#8221;, osserva Locatelli, sottolineando il calo della disoccupazione e la crescita del numero degli occupati. &#8220;Questo significa che \u00e8 stata incisiva la politica di questo governo sulla vita delle persone&#8221;, anche in un periodo segnato da &#8220;una difficile situazione economica e sociale&#8221;. Se c&#8217;\u00e8 invece un risultato sul quale &#8220;vorrei che si spingesse&#8221; \u00e8 la legge sul caregiver familiare, che &#8220;rappresenta uno strumento fondamentale per costruire politiche di sostegno per chi si prende cura quotidianamente di un proprio caro&#8221; e che &#8220;vorrebbe essere giustamente accompagnato anche dalle istituzioni. L&#8217;abbiamo approvata subito in Consiglio dei ministri, ora \u00e8 nelle fasi finali in Commissione alla Camera e vorrei che si raggiungesse il prima possibile la piena approvazione&#8221;. Sul fronte delle politiche per la disabilit\u00e0, la ministra guarda anche all&#8217;avvio del bando &#8220;Vita e opportunit\u00e0&#8221;, per il quale sono stati stanziati 380 milioni di euro. L&#8217;obiettivo, spiega, \u00e8 &#8220;mettere in moto anche una dinamica negli enti del terzo settore che pu\u00f2 davvero cambiare sul territorio le opportunit\u00e0 di lavoro, di formazione, di vita delle persone con disabilit\u00e0&#8221;. Tra gli obiettivi su cui continuare a lavorare, Locatelli cita anche la legge elettorale, che considera ormai vicina al traguardo, e il capitolo della sicurezza. &#8220;Abbiamo lavorato tantissimo &#8211; sottolinea, ricordando gli interventi sull&#8217;immigrazione clandestina e sulle situazioni di disagio e criminalit\u00e0 giovanile &#8211; ma abbiamo ancora tanto da fare, e lo faremo&#8221;. A meno di un anno dalla conclusione della legislatura, le priorit\u00e0 saranno anche rivolte all&#8217;autonomia dei territori e per lasciare un&#8217;eredit\u00e0 in grado di &#8220;sostenere le fasce pi\u00f9 fragili, ma anche quelle intermedie della popolazione che rischiano di scivolare nella povert\u00e0&#8221;. Locatelli richiama inoltre la necessit\u00e0 di &#8220;continuare a sostenere imprese, commercio, lavoratori autonomi e partite Iva&#8221;, in una fase ancora &#8220;segnata dal costo della vita e delle materie prime&#8221;. In vista della prossima legge di bilancio, Locatelli indica tra le priorit\u00e0 il sostegno all&#8217;economia e al lavoro, ma anche maggiori risorse per il supporto educativo degli studenti con disabilit\u00e0 e la sicurezza su cui auspica che la manovra &#8220;possa mettere a disposizione ulteriori risorse&#8221;.<br \/>\n(ITALPRESS)<div id=\"div-gpt-ad-Messinaoggi.it-DSK-300x250-corpoart\" style=\"text-align:center;margin:0 auto;\"><\/div><\/p>\n<p>&#8211; foto: Ipa Agency &#8211;<div id=\"videoincontent\" style=\"clear:both\";><\/div><\/p><\/div>\n","protected":false},"excerpt":{"rendered":"<p>ROMA (ITALPRESS) &#8211; La stabilit\u00e0 economica e la credibilit\u00e0 conquistata dall&#8217;Italia sul piano internazionale sono tra i principali risultati che il governo pu\u00f2 rivendicare dopo aver raggiunto il traguardo della maggiore longevit\u00e0 nella storia della Repubblica. Lo ha detto all&#8217;Italpress la ministra per la Disabilit\u00e0 Alessandra Locatelli. &#8220;Quando \u00e8 nato questo governo, dicevano che avremmo [&hellip;]<\/p>\n","protected":false},"author":18,"featured_media":273445,"comment_status":"closed","ping_status":"closed","sticky":false,"template":"","format":"standard","meta":{"ub_ctt_via":"","_mi_skip_tracking":false},"categories":[446],"tags":[783],"featured_image_src":"https:\/\/www.messinaoggi.it\/website\/wp-content\/uploads\/2026\/09\/20260903_1311.jpg","author_info":{"display_name":"Admin","author_link":"https:\/\/www.messinaoggi.it\/website\/author\/admin\/"},"digistream_id":0,"digistream":false,"_links":{"self":[{"href":"https:\/\/www.messinaoggi.it\/website\/wp-json\/wp\/v2\/posts\/273444"}],"collection":[{"href":"https:\/\/www.messinaoggi.it\/website\/wp-json\/wp\/v2\/posts"}],"about":[{"href":"https:\/\/www.messinaoggi.it\/website\/wp-json\/wp\/v2\/types\/post"}],"author":[{"embeddable":true,"href":"https:\/\/www.messinaoggi.it\/website\/wp-json\/wp\/v2\/users\/18"}],"replies":[{"embeddable":true,"href":"https:\/\/www.messinaoggi.it\/website\/wp-json\/wp\/v2\/comments?post=273444"}],"version-history":[{"count":0,"href":"https:\/\/www.messinaoggi.it\/website\/wp-json\/wp\/v2\/posts\/273444\/revisions"}],"wp:featuredmedia":[{"embeddable":true,"href":"https:\/\/www.messinaoggi.it\/website\/wp-json\/wp\/v2\/media\/273445"}],"wp:attachment":[{"href":"https:\/\/www.messinaoggi.it\/website\/wp-json\/wp\/v2\/media?parent=273444"}],"wp:term":[{"taxonomy":"category","embeddable":true,"href":"https:\/\/www.messinaoggi.it\/website\/wp-json\/wp\/v2\/categories?post=273444"},{"taxonomy":"post_tag","embeddable":true,"href":"https:\/\/www.messinaoggi.it\/website\/wp-json\/wp\/v2\/tags?post=273444"}],"curies":[{"name":"wp","href":"https:\/\/api.w.org\/{rel}","templated":true}]}}