{"id":273436,"date":"2026-09-03T15:09:34","date_gmt":"2026-09-03T13:09:34","guid":{"rendered":"https:\/\/www.messinaoggi.it\/website\/2026\/09\/03\/tajani-con-legitto-accordo-per-avere-meno-migranti-irregolari-e-piu-regolari\/"},"modified":"2026-09-03T15:09:34","modified_gmt":"2026-09-03T13:09:34","slug":"tajani-con-legitto-accordo-per-avere-meno-migranti-irregolari-e-piu-regolari","status":"publish","type":"post","link":"https:\/\/www.messinaoggi.it\/website\/2026\/09\/03\/tajani-con-legitto-accordo-per-avere-meno-migranti-irregolari-e-piu-regolari\/","title":{"rendered":"Tajani \u201cCon l\u2019Egitto accordo per avere meno migranti irregolari e pi\u00f9 regolari\u201d"},"content":{"rendered":"<div>IL CAIRO (EGITTO) (ITALPRESS) &#8211; &#8220;Dovremo affrontare sempre pi\u00f9, con l&#8217;Egitto, il tema dell&#8217;immigrazione, tant&#8217;\u00e8 che oggi firmiamo un accordo, lo firmer\u00f2 con il ministro degli Esteri, per far s\u00ec che la collaborazione tra i nostri Paesi possa garantire sempre meno migranti irregolari, e, invece, un crescente numero di migranti regolari che possano essere occupati nelle nostre aziende attraverso una dovuta formazione&#8221;. Lo ha detto il vicepremier e ministro degli Esteri, Antonio Tajani, al suo arrivo al Cairo. <br \/>(ITALPRESS).<br \/>-Foto Ipa Agency-<\/div>\n<div id=\"div-gpt-ad-Messinaoggi.it-DSK-300x250-corpoart\" style=\"text-align:center;margin:0 auto;\"><\/div><\/p><div id=\"videoincontent\" style=\"clear:both\";><\/div>","protected":false},"excerpt":{"rendered":"<p>IL CAIRO (EGITTO) (ITALPRESS) &#8211; &#8220;Dovremo affrontare sempre pi\u00f9, con l&#8217;Egitto, il tema dell&#8217;immigrazione, tant&#8217;\u00e8 che oggi firmiamo un accordo, lo firmer\u00f2 con il ministro degli Esteri, per far s\u00ec che la collaborazione tra i nostri Paesi possa garantire sempre meno migranti irregolari, e, invece, un crescente numero di migranti regolari che possano essere occupati [&hellip;]<\/p>\n","protected":false},"author":18,"featured_media":273437,"comment_status":"closed","ping_status":"closed","sticky":false,"template":"","format":"standard","meta":{"ub_ctt_via":"","_mi_skip_tracking":false},"categories":[446],"tags":[783],"featured_image_src":"https:\/\/www.messinaoggi.it\/website\/wp-content\/uploads\/2026\/09\/20260903_0756.jpg","author_info":{"display_name":"Admin","author_link":"https:\/\/www.messinaoggi.it\/website\/author\/admin\/"},"digistream_id":0,"digistream":false,"_links":{"self":[{"href":"https:\/\/www.messinaoggi.it\/website\/wp-json\/wp\/v2\/posts\/273436"}],"collection":[{"href":"https:\/\/www.messinaoggi.it\/website\/wp-json\/wp\/v2\/posts"}],"about":[{"href":"https:\/\/www.messinaoggi.it\/website\/wp-json\/wp\/v2\/types\/post"}],"author":[{"embeddable":true,"href":"https:\/\/www.messinaoggi.it\/website\/wp-json\/wp\/v2\/users\/18"}],"replies":[{"embeddable":true,"href":"https:\/\/www.messinaoggi.it\/website\/wp-json\/wp\/v2\/comments?post=273436"}],"version-history":[{"count":0,"href":"https:\/\/www.messinaoggi.it\/website\/wp-json\/wp\/v2\/posts\/273436\/revisions"}],"wp:featuredmedia":[{"embeddable":true,"href":"https:\/\/www.messinaoggi.it\/website\/wp-json\/wp\/v2\/media\/273437"}],"wp:attachment":[{"href":"https:\/\/www.messinaoggi.it\/website\/wp-json\/wp\/v2\/media?parent=273436"}],"wp:term":[{"taxonomy":"category","embeddable":true,"href":"https:\/\/www.messinaoggi.it\/website\/wp-json\/wp\/v2\/categories?post=273436"},{"taxonomy":"post_tag","embeddable":true,"href":"https:\/\/www.messinaoggi.it\/website\/wp-json\/wp\/v2\/tags?post=273436"}],"curies":[{"name":"wp","href":"https:\/\/api.w.org\/{rel}","templated":true}]}}