{"id":273430,"date":"2026-09-03T13:09:33","date_gmt":"2026-09-03T11:09:33","guid":{"rendered":"https:\/\/www.messinaoggi.it\/website\/2026\/09\/03\/ucraina-zelensky-attacco-russo-su-13-regioni\/"},"modified":"2026-09-03T13:09:33","modified_gmt":"2026-09-03T11:09:33","slug":"ucraina-zelensky-attacco-russo-su-13-regioni","status":"publish","type":"post","link":"https:\/\/www.messinaoggi.it\/website\/2026\/09\/03\/ucraina-zelensky-attacco-russo-su-13-regioni\/","title":{"rendered":"Ucraina, Zelensky \u201cAttacco russo su 13 regioni\u201d"},"content":{"rendered":"<div>KIEV (ITALPRESS) &#8211; Le forze russe hanno sferrato attacchi con droni e missili contro 13 regioni dell&#8217;Ucraina. Lo riferisce il presidente ucraino Volodymyr Zelensky sui canali social. &#8220;A Odessa &#8211; scrive Zelensky &#8211; i servizi di emergenza continuano a lavorare sul luogo di un attacco con drone a un palazzo residenziale. A causa dei danni agli appartamenti dal 10mo al 17mo piano, si contano 17 feriti, tra cui tre bambini. Proseguono le operazioni di smaltimento delle conseguenze del bombardamento nei distretti di Obukhiv e Boryspil&#8221;. <br \/>&#8220;Abbiamo bisogno &#8211; continua Zelensky &#8211; di una risposta pi\u00f9 forte, di pi\u00f9 contromisure, soprattutto per quanto riguarda la difesa aerea contro missili e droni. L&#8217;Europa pu\u00f2 essere autosufficiente e forte &#8211; molto \u00e8 gi\u00e0 stato fatto in questa direzione negli ultimi anni &#8211; e solo cos\u00ec potr\u00e0 proteggere se stessa&#8221;.<br \/>-foto Ipa Agency-<br \/>(ITALPRESS).<\/div>\n<div id=\"div-gpt-ad-Messinaoggi.it-DSK-300x250-corpoart\" style=\"text-align:center;margin:0 auto;\"><\/div><\/p><div id=\"videoincontent\" style=\"clear:both\";><\/div>","protected":false},"excerpt":{"rendered":"<p>KIEV (ITALPRESS) &#8211; Le forze russe hanno sferrato attacchi con droni e missili contro 13 regioni dell&#8217;Ucraina. Lo riferisce il presidente ucraino Volodymyr Zelensky sui canali social. &#8220;A Odessa &#8211; scrive Zelensky &#8211; i servizi di emergenza continuano a lavorare sul luogo di un attacco con drone a un palazzo residenziale. A causa dei danni [&hellip;]<\/p>\n","protected":false},"author":18,"featured_media":273431,"comment_status":"closed","ping_status":"closed","sticky":false,"template":"","format":"standard","meta":{"ub_ctt_via":"","_mi_skip_tracking":false},"categories":[446],"tags":[783],"featured_image_src":"https:\/\/www.messinaoggi.it\/website\/wp-content\/uploads\/2026\/09\/20260903_0379.jpg","author_info":{"display_name":"Admin","author_link":"https:\/\/www.messinaoggi.it\/website\/author\/admin\/"},"digistream_id":0,"digistream":false,"_links":{"self":[{"href":"https:\/\/www.messinaoggi.it\/website\/wp-json\/wp\/v2\/posts\/273430"}],"collection":[{"href":"https:\/\/www.messinaoggi.it\/website\/wp-json\/wp\/v2\/posts"}],"about":[{"href":"https:\/\/www.messinaoggi.it\/website\/wp-json\/wp\/v2\/types\/post"}],"author":[{"embeddable":true,"href":"https:\/\/www.messinaoggi.it\/website\/wp-json\/wp\/v2\/users\/18"}],"replies":[{"embeddable":true,"href":"https:\/\/www.messinaoggi.it\/website\/wp-json\/wp\/v2\/comments?post=273430"}],"version-history":[{"count":0,"href":"https:\/\/www.messinaoggi.it\/website\/wp-json\/wp\/v2\/posts\/273430\/revisions"}],"wp:featuredmedia":[{"embeddable":true,"href":"https:\/\/www.messinaoggi.it\/website\/wp-json\/wp\/v2\/media\/273431"}],"wp:attachment":[{"href":"https:\/\/www.messinaoggi.it\/website\/wp-json\/wp\/v2\/media?parent=273430"}],"wp:term":[{"taxonomy":"category","embeddable":true,"href":"https:\/\/www.messinaoggi.it\/website\/wp-json\/wp\/v2\/categories?post=273430"},{"taxonomy":"post_tag","embeddable":true,"href":"https:\/\/www.messinaoggi.it\/website\/wp-json\/wp\/v2\/tags?post=273430"}],"curies":[{"name":"wp","href":"https:\/\/api.w.org\/{rel}","templated":true}]}}