{"id":273404,"date":"2026-09-02T19:09:39","date_gmt":"2026-09-02T17:09:39","guid":{"rendered":"https:\/\/www.messinaoggi.it\/website\/2026\/09\/02\/il-veneto-approva-la-legge-sul-fine-vita-zaia-atto-di-responsabilita\/"},"modified":"2026-09-02T19:09:39","modified_gmt":"2026-09-02T17:09:39","slug":"il-veneto-approva-la-legge-sul-fine-vita-zaia-atto-di-responsabilita","status":"publish","type":"post","link":"https:\/\/www.messinaoggi.it\/website\/2026\/09\/02\/il-veneto-approva-la-legge-sul-fine-vita-zaia-atto-di-responsabilita\/","title":{"rendered":"Il Veneto approva la legge sul fine vita, Zaia \u201cAtto di responsabilit\u00e0\u201d"},"content":{"rendered":"<div>VENEZIA (ITALPRESS) &#8211; Con 32 voti favorevoli, 5 astenuti e 14 contrari, il Consiglio regionale del Veneto ha approvato la legge di iniziativa popolare sul fine vita. Si tratta della quarta regione italiana ad approvare un provvedimento sul suicidio medicalmente assistito, dopo Toscana, Sardegna ed Emilia-Romagna, e della prima regione amministrata dal centrodestra. La legge era stata rinviata nella quinta Commissione nella seduta del 16 gennaio 2024 della scorsa legislatura, dopo il mancato via libera ai primi articoli, \u00e8 stata ripresentata in quella attuale e ha superato, con modifiche, il nuovo esame dell&#8217;assemblea legislativa. Gli emendamenti hanno tenuto conto dei rilievi della Corte costituzionale e di ulteriori proposte dell&#8217;esecutivo veneto.<br \/>&#8220;Oggi \u00e8 una giornata importante per il Veneto. L&#8217;approvazione della legge sul fine vita \u00e8 un atto di responsabilit\u00e0 del Consiglio regionale. E&#8217; stata una discussione lunga, complessa e profonda, che ha coinvolto le coscienze prima ancora delle appartenenze politiche&#8221;, ha scritto sui social il presidente del Consiglio regionale del Veneto, Luca Zaia. &#8220;Sono orgoglioso di un Consiglio regionale che ha scelto di non voltarsi dall&#8217;altra parte e di dare una risposta concreta a persone che vivono condizioni di sofferenza estrema&#8221;, prosegue. &#8220;Questa legge \u00e8 per i pazienti e per le loro famiglie, ma anche per i medici e gli operatori sanitari, che ogni giorno si confrontano con situazioni umane e professionali difficilissime. Da oggi avranno un quadro pi\u00f9 chiaro e uno strumento in pi\u00f9 per affrontarle&#8221;, prosegue Zaia. &#8220;Lo abbiamo detto fin dall&#8217;inizio: questa legge non introduce il fine vita e non crea un nuovo diritto. Il perimetro \u00e8 stato tracciato dalla Corte costituzionale&#8221;, ribadisce. &#8220;Il Veneto ha scelto di fare la propria parte, nell&#8217;ambito delle proprie competenze, organizzando e rendendo pi\u00f9 chiare le procedure. E&#8217; questo il compito della buona politica: ascoltare una domanda che arriva dai cittadini, confrontarsi nel merito e trasformarla in una risposta concreta&#8221;. Il Veneto &#8220;ha dimostrato che anche sulle questioni pi\u00f9 profonde e divisive si pu\u00f2 discutere senza rinunciare alle proprie convinzioni, ma mettendo al centro le persone&#8221;, conclude Zaia. <br \/>(ITALPRESS).<div id=\"div-gpt-ad-Messinaoggi.it-DSK-300x250-corpoart\" style=\"text-align:center;margin:0 auto;\"><\/div><\/p>\n<p>&#8211; foto: Ipa Agency &#8211;<div id=\"videoincontent\" style=\"clear:both\";><\/div><\/p><\/div>\n","protected":false},"excerpt":{"rendered":"<p>VENEZIA (ITALPRESS) &#8211; Con 32 voti favorevoli, 5 astenuti e 14 contrari, il Consiglio regionale del Veneto ha approvato la legge di iniziativa popolare sul fine vita. Si tratta della quarta regione italiana ad approvare un provvedimento sul suicidio medicalmente assistito, dopo Toscana, Sardegna ed Emilia-Romagna, e della prima regione amministrata dal centrodestra. La legge [&hellip;]<\/p>\n","protected":false},"author":18,"featured_media":273405,"comment_status":"closed","ping_status":"closed","sticky":false,"template":"","format":"standard","meta":{"ub_ctt_via":"","_mi_skip_tracking":false},"categories":[446],"tags":[783],"featured_image_src":"https:\/\/www.messinaoggi.it\/website\/wp-content\/uploads\/2026\/09\/20260902_2499.jpg","author_info":{"display_name":"Admin","author_link":"https:\/\/www.messinaoggi.it\/website\/author\/admin\/"},"digistream_id":0,"digistream":false,"_links":{"self":[{"href":"https:\/\/www.messinaoggi.it\/website\/wp-json\/wp\/v2\/posts\/273404"}],"collection":[{"href":"https:\/\/www.messinaoggi.it\/website\/wp-json\/wp\/v2\/posts"}],"about":[{"href":"https:\/\/www.messinaoggi.it\/website\/wp-json\/wp\/v2\/types\/post"}],"author":[{"embeddable":true,"href":"https:\/\/www.messinaoggi.it\/website\/wp-json\/wp\/v2\/users\/18"}],"replies":[{"embeddable":true,"href":"https:\/\/www.messinaoggi.it\/website\/wp-json\/wp\/v2\/comments?post=273404"}],"version-history":[{"count":0,"href":"https:\/\/www.messinaoggi.it\/website\/wp-json\/wp\/v2\/posts\/273404\/revisions"}],"wp:featuredmedia":[{"embeddable":true,"href":"https:\/\/www.messinaoggi.it\/website\/wp-json\/wp\/v2\/media\/273405"}],"wp:attachment":[{"href":"https:\/\/www.messinaoggi.it\/website\/wp-json\/wp\/v2\/media?parent=273404"}],"wp:term":[{"taxonomy":"category","embeddable":true,"href":"https:\/\/www.messinaoggi.it\/website\/wp-json\/wp\/v2\/categories?post=273404"},{"taxonomy":"post_tag","embeddable":true,"href":"https:\/\/www.messinaoggi.it\/website\/wp-json\/wp\/v2\/tags?post=273404"}],"curies":[{"name":"wp","href":"https:\/\/api.w.org\/{rel}","templated":true}]}}