{"id":273396,"date":"2026-09-02T18:19:35","date_gmt":"2026-09-02T16:19:35","guid":{"rendered":"https:\/\/www.messinaoggi.it\/website\/2026\/09\/02\/a-ciminna-i-funerali-del-giovane-morto-nel-tentativo-di-arginare-lincendio-lorefice-rogo-frutto-di-una-mano-criminale\/"},"modified":"2026-09-02T18:19:35","modified_gmt":"2026-09-02T16:19:35","slug":"a-ciminna-i-funerali-del-giovane-morto-nel-tentativo-di-arginare-lincendio-lorefice-rogo-frutto-di-una-mano-criminale","status":"publish","type":"post","link":"https:\/\/www.messinaoggi.it\/website\/2026\/09\/02\/a-ciminna-i-funerali-del-giovane-morto-nel-tentativo-di-arginare-lincendio-lorefice-rogo-frutto-di-una-mano-criminale\/","title":{"rendered":"A Ciminna i funerali del giovane morto nel tentativo di arginare l\u2019incendio, Lorefice: \u201cRogo frutto di una mano criminale\u201d"},"content":{"rendered":"<div>\n<p>PALERMO (ITALPRESS) \u2013 <em>\u201cCara mamma Santina, Caro pap\u00e0 Roberto, caro Natalino, cara Giovanna, siamo tutti dentro le fiamme del fuoco che ci hanno tolto Salvatore, e con lui ci hanno tolto la vita. Le fiamme che hanno bruciato Lui, la vostra vita, tolgono pure a noi le parole. Lo strazio ci brucia. E sentiamo le nostre vite, i nostri corpi, i nostri cuori, che ardono di amore, come bruciati senza fine dalla mancanza di Salvatore. \u201cNo, no, no!\u201d avete gridato. Non pu\u00f2 essere vero. <strong>Come vorremmo tornare indietro, un attimo prima di quell\u2019incendio che \u00e8 partito, diabolicamente, l\u00ec dov\u2019era Salvatore.<\/strong> Come vorremmo essere l\u00e0 un attimo prima che lui, travolto dalla sua intima bont\u00e0, dalla sua generosit\u00e0, si buttasse nelle fiamme per salvare la casa di campagna, quel luogo caro e sacro della sua famiglia. Tornare a quell\u2019istante, essere disposti anche ad accogliere la rabbia che ci suscita, ci aiuta anche a trovare il coraggio della verit\u00e0: <strong>Questo rogo non \u00e8 una tragica fatalit\u00e0, ma il frutto avvelenato di una mano criminale,<\/strong> vigliacca e dolosa, che continua a violentare e bruciare la nostra terra\u201d.<\/em> \u00c8 uno dei passaggi dell<strong>\u2018omelia pronunciata dall\u2019arcivescovo di Palermo, Corrado Lorefice, durante i funerali<\/strong>, celebrati nella Chiesa Madre di Ciminna, <strong>del giovane Salvatore Giglia<\/strong>, <strong>morto per le gravi ustioni riportate nel tentativo di arginare il fuoco durante l\u2019incendio divampato tre giorni fa nel Palermitano. <\/strong><div id=\"div-gpt-ad-Messinaoggi.it-DSK-300x250-corpoart\" style=\"text-align:center;margin:0 auto;\"><\/div><\/p>\n<p><strong><em> \u201cChi appicca il fuoco per incuria, disprezzo del bene comune o logiche delinquenziali e parassitarie calpesta la sacralit\u00e0 della vita umana e si macchia di un delitto esecrabile<\/em><\/strong> \u2013 prosegue Lorefice -.<em> Che va riparato. A questa barbarie che distrugge il futuro, Salvatore ha opposto la limpidezza della sua vita, il senso del dovere e il coraggio di chi difende ci\u00f2 che ama fino all\u2019estremo sacrificio. Mamma Santina, pap\u00e0 Roberto, Natalino avete davanti agli occhi \u2013 ormai per sempre \u2013 la stessa immagine: Salvatore e le fiamme. E noi con voi. Come voi stretti attorno al corpo tormentato di Salvatore, anche noi siamo solo chiamati a restare, senza la pretesa di spiegare l\u2019inspiegabile o di offrire consolazioni a buon mercato. Una madre, quando il figlio soffre, non cerca risposte: si fa grembo, si china sul dolore, raccoglie le lacrime a una a una, lo stringe al cuore in silenzio. Oggi vorremmo essere esattamente questo per voi: per te, Santina, per te Roberto, per te Natalino, per te Giovanna che eri il suo amore e il suo domani, per i parenti e per i suoi amici pi\u00f9 cari. Vorremmo farci carico noi del vostro respiro spezzato, avvolgere il freddo che vi \u00e8 rimasto dentro dopo che il fuoco ha raggiunto e poi spento la voce di Salvatore. Non vogliamo proferire parole di esortazione o di consolazione. Ce ne sarebbero? Vi chiediamo solo di appoggiare la testa su questo abbraccio che la comunit\u00e0 intera vi offre: un abbraccio disarmato, che non scappa dal vostro pianto e che custodisce ogni frammento di ci\u00f2 che Salvatore \u00e8 stato e continuer\u00e0 a essere\u201d<\/em>, conclude.<div id=\"videoincontent\" style=\"clear:both\";><\/div><\/p>\n<p>-Foto IPA Agency-<br \/>\n(ITALPRESS).<\/p>\n<\/div>\n","protected":false},"excerpt":{"rendered":"<p>PALERMO (ITALPRESS) \u2013 \u201cCara mamma Santina, Caro pap\u00e0 Roberto, caro Natalino, cara Giovanna, siamo tutti dentro le fiamme del fuoco che ci hanno tolto Salvatore, e con lui ci hanno tolto la vita. Le fiamme che hanno bruciato Lui, la vostra vita, tolgono pure a noi le parole. Lo strazio ci brucia. E sentiamo le [&hellip;]<\/p>\n","protected":false},"author":18,"featured_media":273397,"comment_status":"closed","ping_status":"closed","sticky":false,"template":"","format":"standard","meta":{"ub_ctt_via":"","_mi_skip_tracking":false},"categories":[2449],"tags":[783],"featured_image_src":"https:\/\/www.messinaoggi.it\/website\/wp-content\/uploads\/2026\/09\/Corrado-Lorefice-1-e1776444614253.jpg","author_info":{"display_name":"Admin","author_link":"https:\/\/www.messinaoggi.it\/website\/author\/admin\/"},"digistream_id":0,"digistream":false,"_links":{"self":[{"href":"https:\/\/www.messinaoggi.it\/website\/wp-json\/wp\/v2\/posts\/273396"}],"collection":[{"href":"https:\/\/www.messinaoggi.it\/website\/wp-json\/wp\/v2\/posts"}],"about":[{"href":"https:\/\/www.messinaoggi.it\/website\/wp-json\/wp\/v2\/types\/post"}],"author":[{"embeddable":true,"href":"https:\/\/www.messinaoggi.it\/website\/wp-json\/wp\/v2\/users\/18"}],"replies":[{"embeddable":true,"href":"https:\/\/www.messinaoggi.it\/website\/wp-json\/wp\/v2\/comments?post=273396"}],"version-history":[{"count":0,"href":"https:\/\/www.messinaoggi.it\/website\/wp-json\/wp\/v2\/posts\/273396\/revisions"}],"wp:featuredmedia":[{"embeddable":true,"href":"https:\/\/www.messinaoggi.it\/website\/wp-json\/wp\/v2\/media\/273397"}],"wp:attachment":[{"href":"https:\/\/www.messinaoggi.it\/website\/wp-json\/wp\/v2\/media?parent=273396"}],"wp:term":[{"taxonomy":"category","embeddable":true,"href":"https:\/\/www.messinaoggi.it\/website\/wp-json\/wp\/v2\/categories?post=273396"},{"taxonomy":"post_tag","embeddable":true,"href":"https:\/\/www.messinaoggi.it\/website\/wp-json\/wp\/v2\/tags?post=273396"}],"curies":[{"name":"wp","href":"https:\/\/api.w.org\/{rel}","templated":true}]}}