{"id":273392,"date":"2026-09-02T17:09:39","date_gmt":"2026-09-02T15:09:39","guid":{"rendered":"https:\/\/www.messinaoggi.it\/website\/2026\/09\/02\/guterres-raddoppiare-gli-sforzi-per-limitare-laumento-delle-temperature\/"},"modified":"2026-09-02T17:09:39","modified_gmt":"2026-09-02T15:09:39","slug":"guterres-raddoppiare-gli-sforzi-per-limitare-laumento-delle-temperature","status":"publish","type":"post","link":"https:\/\/www.messinaoggi.it\/website\/2026\/09\/02\/guterres-raddoppiare-gli-sforzi-per-limitare-laumento-delle-temperature\/","title":{"rendered":"Guterres \u201cRaddoppiare gli sforzi per limitare l\u2019aumento delle temperature\u201d"},"content":{"rendered":"<div>ROMA (ITALPRESS) &#8211; <strong>Il caldo torrido che ha colpito l&#8217;emisfero settentrionale negli ultimi mesi,<\/strong> i devastanti incendi e le inondazioni mortali sono un monito su ci\u00f2 che ci aspetta. Lo ha detto il <strong>Segretario generale delle Nazioni Unite, Ant\u00f2nio Guterres,<\/strong> commentando il <strong>rapporto del Programma delle Nazioni unite per l&#8217;ambiente (Unep)<\/strong>.<div id=\"div-gpt-ad-Messinaoggi.it-DSK-300x250-corpoart\" style=\"text-align:center;margin:0 auto;\"><\/div><\/p>\n<p><em>&#8220;Siamo destinati a superare il limite di 1,5 \u00b0C entro i prossimi anni. La lotta per limitare l&#8217;aumento della temperatura a 1,5 gradi \u00e8 una lotta per l&#8217;umanit\u00e0&#8221;,<\/em> ha spiegato. &#8220;<em>In tutto il mondo, le ondate di calore estreme stanno gi\u00e0 dimostrando che gli impatti climatici si faranno sentire pi\u00f9 rapidamente, con maggiore intensit\u00e0 e pi\u00f9 a lungo, causando un numero maggiore di vittime e sconvolgimenti pi\u00f9 profondi. E&#8217; giunto il momento di raddoppiare gli sforzi per contrastare il cambiamento climatico. Possiamo e dobbiamo imboccare la strada giusta, riducendo le emissioni di gas serra, rafforzando la resilienza e l&#8217;adattamento e garantendo che il superamento dell&#8217;aumento di temperatura di 1,5 \u00b0C sia il pi\u00f9 contenuto e di durata minore possibile&#8221;.<\/em><div id=\"videoincontent\" style=\"clear:both\";><\/div><\/p>\n<p>Guterres ha ricordato che nello storico Accordo di Parigi del 2015 sui cambiamenti climatici i leader mondiali si erano impegnati a mantenere l&#8217;aumento della temperatura entro il limite di 1,5 \u00b0C rispetto ai livelli preindustriali, un obiettivo che, secondo gli scienziati, \u00e8 fondamentale per evitare la peggiore devastazione climatica.<\/p>\n<p><em>&#8220;Dobbiamo fare in modo che il superamento di tale soglia sia il pi\u00f9 piccolo e breve possibile , limitando l&#8217;entit\u00e0 dell&#8217;aumento delle temperature e la durata della loro permanenza al di sopra di 1,5 \u00b0C&#8221;,<\/em> spiega Guterres.<\/p>\n<p>Questo richiede l&#8217;accelerazione dell&#8217;eliminazione graduale dei combustibili fossili e la rivoluzione delle energie rinnovabili, la riduzione drastica dell&#8217;inquinamento da metano e la protezione di terre, foreste e oceani. &#8220;<em><strong>Le soluzioni sono a portata di mano e il mondo non \u00e8 mai stato cos\u00ec ben attrezzato per metterle in pratica. Ora \u00e8 il momento di alzare l&#8217;asticella e accelerare l&#8217;azione&#8221;<\/strong>,<\/em> conclude.<\/p>\n<p>(ITALPRESS)<\/p>\n<p>&#8211; foto: Ipa Agency &#8211;<\/p><\/div>\n","protected":false},"excerpt":{"rendered":"<p>ROMA (ITALPRESS) &#8211; Il caldo torrido che ha colpito l&#8217;emisfero settentrionale negli ultimi mesi, i devastanti incendi e le inondazioni mortali sono un monito su ci\u00f2 che ci aspetta. Lo ha detto il Segretario generale delle Nazioni Unite, Ant\u00f2nio Guterres, commentando il rapporto del Programma delle Nazioni unite per l&#8217;ambiente (Unep). &#8220;Siamo destinati a superare [&hellip;]<\/p>\n","protected":false},"author":18,"featured_media":273393,"comment_status":"closed","ping_status":"closed","sticky":false,"template":"","format":"standard","meta":{"ub_ctt_via":"","_mi_skip_tracking":false},"categories":[446],"tags":[783],"featured_image_src":"https:\/\/www.messinaoggi.it\/website\/wp-content\/uploads\/2026\/09\/20260902_1976.jpg","author_info":{"display_name":"Admin","author_link":"https:\/\/www.messinaoggi.it\/website\/author\/admin\/"},"digistream_id":0,"digistream":false,"_links":{"self":[{"href":"https:\/\/www.messinaoggi.it\/website\/wp-json\/wp\/v2\/posts\/273392"}],"collection":[{"href":"https:\/\/www.messinaoggi.it\/website\/wp-json\/wp\/v2\/posts"}],"about":[{"href":"https:\/\/www.messinaoggi.it\/website\/wp-json\/wp\/v2\/types\/post"}],"author":[{"embeddable":true,"href":"https:\/\/www.messinaoggi.it\/website\/wp-json\/wp\/v2\/users\/18"}],"replies":[{"embeddable":true,"href":"https:\/\/www.messinaoggi.it\/website\/wp-json\/wp\/v2\/comments?post=273392"}],"version-history":[{"count":0,"href":"https:\/\/www.messinaoggi.it\/website\/wp-json\/wp\/v2\/posts\/273392\/revisions"}],"wp:featuredmedia":[{"embeddable":true,"href":"https:\/\/www.messinaoggi.it\/website\/wp-json\/wp\/v2\/media\/273393"}],"wp:attachment":[{"href":"https:\/\/www.messinaoggi.it\/website\/wp-json\/wp\/v2\/media?parent=273392"}],"wp:term":[{"taxonomy":"category","embeddable":true,"href":"https:\/\/www.messinaoggi.it\/website\/wp-json\/wp\/v2\/categories?post=273392"},{"taxonomy":"post_tag","embeddable":true,"href":"https:\/\/www.messinaoggi.it\/website\/wp-json\/wp\/v2\/tags?post=273392"}],"curies":[{"name":"wp","href":"https:\/\/api.w.org\/{rel}","templated":true}]}}