{"id":273390,"date":"2026-09-02T17:09:37","date_gmt":"2026-09-02T15:09:37","guid":{"rendered":"https:\/\/www.messinaoggi.it\/website\/2026\/09\/02\/germania-kallas-drone-a-lipsia-terrorismo-di-stato-piu-pressione-su-mosca\/"},"modified":"2026-09-02T17:09:37","modified_gmt":"2026-09-02T15:09:37","slug":"germania-kallas-drone-a-lipsia-terrorismo-di-stato-piu-pressione-su-mosca","status":"publish","type":"post","link":"https:\/\/www.messinaoggi.it\/website\/2026\/09\/02\/germania-kallas-drone-a-lipsia-terrorismo-di-stato-piu-pressione-su-mosca\/","title":{"rendered":"Germania, Kallas \u201cDrone a Lipsia terrorismo di Stato, pi\u00f9 pressione su Mosca\u201d"},"content":{"rendered":"<div>WICKLOW (IRLANDA) (ITALPRESS) &#8211; Gli attacchi di Lipsia hanno &#8220;tutti i tratti del terrorismo sponsorizzato da uno Stato&#8221; e impongono all&#8217;Europa di interrogarsi su &#8220;cosa possiamo fare di pi\u00f9&#8221;. Kaja Kallas imprime un tono netto al Gymnich di Wicklow, indicando nella pressione sulla Russia il filo conduttore della risposta europea. &#8220;Abbiamo gi\u00e0 convocato gli ambasciatori russi, come hanno fatto molti Stati membri&#8221;, ha dichiarato l&#8217;Alta rappresentante Ue, annunciando che sono gi\u00e0 &#8220;in preparazione 1.600 designazioni per il complesso militare della Russia e forse ce ne saranno altre da aggiungere&#8221;. Nessuna decisione sar\u00e0 adottata nella riunione informale, ma il dossier sanzioni resta centrale. Per Kallas, il moltiplicarsi delle operazioni ibride &#8220;in tutta Europa&#8221; rappresenta &#8220;un campanello d&#8217;allarme per i Paesi che non sono stati cos\u00ec decisi&#8221; finora: &#8220;Se vogliamo porre fine a questa guerra, dobbiamo concentrare tutti i nostri sforzi&#8221;. Anche la reazione di Berlino viene indicata come modello politico: &#8220;E&#8217; certamente un segnale molto forte&#8221;, ha affermato, sottolineando che la solidariet\u00e0 espressa alla Germania dagli altri partner costituisce &#8220;la risposta unitaria che dobbiamo realmente adottare&#8221;. Sul fronte ucraino, Kallas denuncia una Russia che &#8220;sta intensificando l&#8217;escalation, uccidendo civili e provocando quanti pi\u00f9 danni possibile&#8221;: per questo, ha aggiunto, occorre discutere &#8220;come possiamo esercitare maggiore pressione sulla Russia affinch\u00e8 ponga fine a questa guerra&#8221;. Ma il confronto di Wicklow investe anche i meccanismi decisionali europei. &#8220;Il problema fondamentale che abbiamo \u00e8 unit\u00e0 contro unanimit\u00e0&#8221;, ha osservato Kallas: nell&#8217;attuale scenario geopolitico &#8220;dobbiamo essere pi\u00f9 agili&#8221; e &#8220;realmente capaci di reagire alle situazioni che si presentano&#8221;. <br \/>(ITALPRESS).<div id=\"div-gpt-ad-Messinaoggi.it-DSK-300x250-corpoart\" style=\"text-align:center;margin:0 auto;\"><\/div><\/p>\n<p>&#8211; foto: Ipa Agency &#8211;<div id=\"videoincontent\" style=\"clear:both\";><\/div><\/p><\/div>\n","protected":false},"excerpt":{"rendered":"<p>WICKLOW (IRLANDA) (ITALPRESS) &#8211; Gli attacchi di Lipsia hanno &#8220;tutti i tratti del terrorismo sponsorizzato da uno Stato&#8221; e impongono all&#8217;Europa di interrogarsi su &#8220;cosa possiamo fare di pi\u00f9&#8221;. Kaja Kallas imprime un tono netto al Gymnich di Wicklow, indicando nella pressione sulla Russia il filo conduttore della risposta europea. &#8220;Abbiamo gi\u00e0 convocato gli ambasciatori [&hellip;]<\/p>\n","protected":false},"author":18,"featured_media":273391,"comment_status":"closed","ping_status":"closed","sticky":false,"template":"","format":"standard","meta":{"ub_ctt_via":"","_mi_skip_tracking":false},"categories":[446],"tags":[783],"featured_image_src":"https:\/\/www.messinaoggi.it\/website\/wp-content\/uploads\/2026\/09\/20260902_1841.jpg","author_info":{"display_name":"Admin","author_link":"https:\/\/www.messinaoggi.it\/website\/author\/admin\/"},"digistream_id":0,"digistream":false,"_links":{"self":[{"href":"https:\/\/www.messinaoggi.it\/website\/wp-json\/wp\/v2\/posts\/273390"}],"collection":[{"href":"https:\/\/www.messinaoggi.it\/website\/wp-json\/wp\/v2\/posts"}],"about":[{"href":"https:\/\/www.messinaoggi.it\/website\/wp-json\/wp\/v2\/types\/post"}],"author":[{"embeddable":true,"href":"https:\/\/www.messinaoggi.it\/website\/wp-json\/wp\/v2\/users\/18"}],"replies":[{"embeddable":true,"href":"https:\/\/www.messinaoggi.it\/website\/wp-json\/wp\/v2\/comments?post=273390"}],"version-history":[{"count":0,"href":"https:\/\/www.messinaoggi.it\/website\/wp-json\/wp\/v2\/posts\/273390\/revisions"}],"wp:featuredmedia":[{"embeddable":true,"href":"https:\/\/www.messinaoggi.it\/website\/wp-json\/wp\/v2\/media\/273391"}],"wp:attachment":[{"href":"https:\/\/www.messinaoggi.it\/website\/wp-json\/wp\/v2\/media?parent=273390"}],"wp:term":[{"taxonomy":"category","embeddable":true,"href":"https:\/\/www.messinaoggi.it\/website\/wp-json\/wp\/v2\/categories?post=273390"},{"taxonomy":"post_tag","embeddable":true,"href":"https:\/\/www.messinaoggi.it\/website\/wp-json\/wp\/v2\/tags?post=273390"}],"curies":[{"name":"wp","href":"https:\/\/api.w.org\/{rel}","templated":true}]}}